{"id":8485,"date":"2019-03-11T07:23:53","date_gmt":"2019-03-11T07:23:53","guid":{"rendered":"https:\/\/sp7oswiecim.edu.pl\/?p=8485"},"modified":"2019-03-11T07:23:53","modified_gmt":"2019-03-11T07:23:53","slug":"podsumowanie-akcji-wyslij-paczka-do-afryki","status":"publish","type":"post","link":"https:\/\/sp7oswiecim.edu.pl\/?p=8485","title":{"rendered":"Podsumowanie akcji Wy\u015blij p\u0105czka do Afryki"},"content":{"rendered":"\n\t\t<style type=\"text\/css\">\n\t\t\t#gallery-1 {\n\t\t\t\tmargin: auto;\n\t\t\t}\n\t\t\t#gallery-1 .gallery-item {\n\t\t\t\tfloat: left;\n\t\t\t\tmargin-top: 10px;\n\t\t\t\ttext-align: center;\n\t\t\t\twidth: 50%;\n\t\t\t}\n\t\t\t#gallery-1 img {\n\t\t\t\tborder: 2px solid #cfcfcf;\n\t\t\t}\n\t\t\t#gallery-1 .gallery-caption {\n\t\t\t\tmargin-left: 0;\n\t\t\t}\n\t\t\t\/* see gallery_shortcode() in wp-includes\/media.php *\/\n\t\t<\/style>\n\t\t<div id='gallery-1' class='gallery galleryid-8485 gallery-columns-2 gallery-size-thumbnail'><dl class='gallery-item'>\n\t\t\t<dt class='gallery-icon landscape'>\n\t\t\t\t<a href='https:\/\/sp7oswiecim.edu.pl\/?attachment_id=8486'><img loading=\"lazy\" decoding=\"async\" width=\"150\" height=\"150\" src=\"https:\/\/sp7oswiecim.edu.pl\/wp-content\/uploads\/2019\/03\/podzi\u0119kowanie-150x150.png\" class=\"attachment-thumbnail size-thumbnail\" alt=\"\" \/><\/a>\n\t\t\t<\/dt><\/dl><dl class='gallery-item'>\n\t\t\t<dt class='gallery-icon landscape'>\n\t\t\t\t<a href='https:\/\/sp7oswiecim.edu.pl\/?attachment_id=8487'><img loading=\"lazy\" decoding=\"async\" width=\"150\" height=\"150\" src=\"https:\/\/sp7oswiecim.edu.pl\/wp-content\/uploads\/2019\/03\/scan-przelewu-150x150.jpg\" class=\"attachment-thumbnail size-thumbnail\" alt=\"\" \/><\/a>\n\t\t\t<\/dt><\/dl><br style=\"clear: both\" \/>\n\t\t<\/div>\n\n<p><a href=\"https:\/\/sp7oswiecim.edu.pl\/wp-content\/uploads\/2019\/03\/podzi\u0119kowanie-2-1.pdf\">Zobacz: podzi\u0119kowanie od Fundacji Kapucyni i Misje<\/a><\/p>\n<p>1 marca zako\u0144czyli\u015bmy tygodniow\u0105 akcj\u0119 Wy\u015blij p\u0105czka do Afryki. Spotka\u0142a si\u0119 ona z\u00a0pozytywnym odzewem ze strony uczni\u00f3w i ich rodzic\u00f3w.<\/p>\n<p>W tym roku sprzedawali\u015bmy p\u0105czki, babeczki (kt\u00f3re cieszy\u0142y si\u0119 szczeg\u00f3lnym uznaniem \ud83d\ude42 ) oraz ciasta przygotowane przez uczni\u00f3w z\u00a0 klas 4a, 5a i 3a. Wszystko w mig znika\u0142o ze stolik\u00f3w, a puszki S.O.S dla Afryki zape\u0142nia\u0142y si\u0119 w b\u0142yskawicznym tempie. Zdawali\u015bmy sobie jednak spraw\u0119 z tego, \u017ce trudno b\u0119dzie nam pobi\u0107 ubieg\u0142oroczny, imponuj\u0105cy\u00a0 rekord.<\/p>\n<p>Uczniowie ch\u0119tnie wspierali dzia\u0142ania misjonarzy, okazali wielkie serca dla potrzebuj\u0105cych. Ka\u017cdego dnia inna klasa pomaga\u0142a przy sprzeda\u017cy p\u0105czk\u00f3w, nawet najm\u0142odsi uczniowie z klasy 2 przy\u0142\u0105czyli si\u0119 do realizacji zada\u0144 w ramach zbi\u00f3rki. W\u00a0pierwszym dniu akcji odwiedzili nas kochani seniorzy z DDP z O\u015bwi\u0119cimia, kt\u00f3rzy zawsze s\u0105 u nas mile widziani. Powitali\u015bmy ich przedstawieniem przygotowanym przez najm\u0142odszych uczni\u00f3w naszej szko\u0142y oraz zaprzyja\u017anionych przedszkolak\u00f3w. Oni r\u00f3wnie\u017c wsparli finansowo nasz\u0105 zbi\u00f3rk\u0119. Dwie cukiernie- piekarnie AWA i MAJA okaza\u0142y tak\u017ce swoj\u0105 hojno\u015b\u0107, bo ka\u017cda z\u00a0nich ofiarowa\u0142a nam po 100 p\u0105czk\u00f3w!!! Wspar\u0142a nas r\u00f3wnie\u017c firma DARY-mex z Brzeszcz oraz indywidualni darczy\u0144cy, w tym przede wszystkim uczniowie i\u00a0ich rodzice. Rekordowa kwota za jednego p\u0105czka wynios\u0142a 30 z\u0142!<\/p>\n<p>Znaj\u0105c magiczn\u0105 moc tych p\u0105czk\u00f3w (kupuj\u0105c p\u0105czka ro\u015bnie Ci serce, bo pomagasz potrzebuj\u0105cym) nie straszne nam by\u0142o zajadanie tych kalorycznych smako\u0142yk\u00f3w, w ko\u0144cu to tylko raz w roku i na szczytne cele.<\/p>\n<p>Zastanawiacie si\u0119 czy uda\u0142o nam si\u0119 pobi\u0107 rekord?-\u00a0 TAAAAAK, zebrali\u015bmy w sumie a\u017c 1745 z\u0142, kt\u00f3re w ca\u0142o\u015bci przelali\u015bmy na konto Fundacji Kapucyni i Misje.<\/p>\n<p>Wszystkim, kt\u00f3rzy wsparli nas pomoc\u0105 serdecznie dzi\u0119kujemy!<\/p>\n","protected":false},"excerpt":{"rendered":"<p>Zobacz: podzi\u0119kowanie od Fundacji Kapucyni i Misje 1 marca zako\u0144czyli\u015bmy tygodniow\u0105 akcj\u0119 Wy\u015blij p\u0105czka do Afryki. Spotka\u0142a si\u0119 ona z\u00a0pozytywnym odzewem ze strony uczni\u00f3w i ich rodzic\u00f3w. W tym roku sprzedawali\u015bmy p\u0105czki, babeczki (kt\u00f3re cieszy\u0142y si\u0119 szczeg\u00f3lnym uznaniem \ud83d\ude42 ) oraz ciasta przygotowane przez uczni\u00f3w z\u00a0 klas 4a, 5a i&#8230;<\/p>\n<p class=\"continue-reading-button\"> <a class=\"continue-reading-link\" href=\"https:\/\/sp7oswiecim.edu.pl\/?p=8485\">Czytaj dalej<i class=\"crycon-right-dir\"><\/i><\/a><\/p>\n","protected":false},"author":1,"featured_media":0,"comment_status":"open","ping_status":"open","sticky":false,"template":"","format":"standard","meta":{"footnotes":""},"categories":[4,21],"tags":[],"class_list":["post-8485","post","type-post","status-publish","format-standard","hentry","category-aktualnosci","category-wolontariat"],"_links":{"self":[{"href":"https:\/\/sp7oswiecim.edu.pl\/index.php?rest_route=\/wp\/v2\/posts\/8485","targetHints":{"allow":["GET"]}}],"collection":[{"href":"https:\/\/sp7oswiecim.edu.pl\/index.php?rest_route=\/wp\/v2\/posts"}],"about":[{"href":"https:\/\/sp7oswiecim.edu.pl\/index.php?rest_route=\/wp\/v2\/types\/post"}],"author":[{"embeddable":true,"href":"https:\/\/sp7oswiecim.edu.pl\/index.php?rest_route=\/wp\/v2\/users\/1"}],"replies":[{"embeddable":true,"href":"https:\/\/sp7oswiecim.edu.pl\/index.php?rest_route=%2Fwp%2Fv2%2Fcomments&post=8485"}],"version-history":[{"count":1,"href":"https:\/\/sp7oswiecim.edu.pl\/index.php?rest_route=\/wp\/v2\/posts\/8485\/revisions"}],"predecessor-version":[{"id":8490,"href":"https:\/\/sp7oswiecim.edu.pl\/index.php?rest_route=\/wp\/v2\/posts\/8485\/revisions\/8490"}],"wp:attachment":[{"href":"https:\/\/sp7oswiecim.edu.pl\/index.php?rest_route=%2Fwp%2Fv2%2Fmedia&parent=8485"}],"wp:term":[{"taxonomy":"category","embeddable":true,"href":"https:\/\/sp7oswiecim.edu.pl\/index.php?rest_route=%2Fwp%2Fv2%2Fcategories&post=8485"},{"taxonomy":"post_tag","embeddable":true,"href":"https:\/\/sp7oswiecim.edu.pl\/index.php?rest_route=%2Fwp%2Fv2%2Ftags&post=8485"}],"curies":[{"name":"wp","href":"https:\/\/api.w.org\/{rel}","templated":true}]}}