{"id":795,"date":"2014-02-17T10:22:35","date_gmt":"2014-02-17T09:22:35","guid":{"rendered":"https:\/\/sp7oswiecim.edu.pl\/?p=795"},"modified":"2014-02-17T10:22:35","modified_gmt":"2014-02-17T09:22:35","slug":"zastepstwa-za-nieobecnych-nauczycieli","status":"publish","type":"post","link":"https:\/\/sp7oswiecim.edu.pl\/?p=795","title":{"rendered":"Zast\u0119pstwa za nieobecnych nauczycieli"},"content":{"rendered":"<p>NOWO\u015a\u0106- w zak\u0142adce :<a href=\"https:\/\/sp7oswiecim.edu.pl\/plan-lekcji\/\" target=\"_blank\"><span style=\"color: #ff0000;\"> <em><strong>Plan lekcji\/ zast\u0119pstwa<\/strong><\/em><\/span><\/a> istnieje mo\u017cliwo\u015b\u0107 zapoznania si\u0119 z zast\u0119pstwami za nieobecnych nauczycieli.<\/p>\n","protected":false},"excerpt":{"rendered":"<p>NOWO\u015a\u0106- w zak\u0142adce : Plan lekcji\/ zast\u0119pstwa istnieje mo\u017cliwo\u015b\u0107 zapoznania si\u0119 z zast\u0119pstwami za nieobecnych nauczycieli.<\/p>\n<p class=\"continue-reading-button\"> <a class=\"continue-reading-link\" href=\"https:\/\/sp7oswiecim.edu.pl\/?p=795\">Czytaj dalej<i class=\"crycon-right-dir\"><\/i><\/a><\/p>\n","protected":false},"author":2,"featured_media":0,"comment_status":"closed","ping_status":"closed","sticky":false,"template":"","format":"standard","meta":{"footnotes":""},"categories":[4,1],"tags":[],"class_list":["post-795","post","type-post","status-publish","format-standard","hentry","category-aktualnosci","category-uncategorized"],"_links":{"self":[{"href":"https:\/\/sp7oswiecim.edu.pl\/index.php?rest_route=\/wp\/v2\/posts\/795","targetHints":{"allow":["GET"]}}],"collection":[{"href":"https:\/\/sp7oswiecim.edu.pl\/index.php?rest_route=\/wp\/v2\/posts"}],"about":[{"href":"https:\/\/sp7oswiecim.edu.pl\/index.php?rest_route=\/wp\/v2\/types\/post"}],"author":[{"embeddable":true,"href":"https:\/\/sp7oswiecim.edu.pl\/index.php?rest_route=\/wp\/v2\/users\/2"}],"replies":[{"embeddable":true,"href":"https:\/\/sp7oswiecim.edu.pl\/index.php?rest_route=%2Fwp%2Fv2%2Fcomments&post=795"}],"version-history":[{"count":0,"href":"https:\/\/sp7oswiecim.edu.pl\/index.php?rest_route=\/wp\/v2\/posts\/795\/revisions"}],"wp:attachment":[{"href":"https:\/\/sp7oswiecim.edu.pl\/index.php?rest_route=%2Fwp%2Fv2%2Fmedia&parent=795"}],"wp:term":[{"taxonomy":"category","embeddable":true,"href":"https:\/\/sp7oswiecim.edu.pl\/index.php?rest_route=%2Fwp%2Fv2%2Fcategories&post=795"},{"taxonomy":"post_tag","embeddable":true,"href":"https:\/\/sp7oswiecim.edu.pl\/index.php?rest_route=%2Fwp%2Fv2%2Ftags&post=795"}],"curies":[{"name":"wp","href":"https:\/\/api.w.org\/{rel}","templated":true}]}}