{"id":770,"date":"2014-01-27T12:19:22","date_gmt":"2014-01-27T11:19:22","guid":{"rendered":"https:\/\/sp7oswiecim.edu.pl\/?p=770"},"modified":"2014-01-27T12:19:22","modified_gmt":"2014-01-27T11:19:22","slug":"czy-rodzice-moga-byc-doradcami","status":"publish","type":"post","link":"https:\/\/sp7oswiecim.edu.pl\/?p=770","title":{"rendered":"Czy rodzice mog\u0105 by\u0107 doradcami?"},"content":{"rendered":"<p>Rodzicu \u2013 czy zastanawia\u0142e\u015b si\u0119 nad tym, kto ma najwi\u0119kszy wp\u0142yw na edukacyjne i zawodowe wybory twojego dziecka? O wyborze szko\u0142y i zawodu ucze\u0144 szko\u0142y gimnazjalnej oczywi\u015bcie mo\u017ce zdecydowa\u0107 samodzielnie. Zdarza si\u0119 jednak, \u017ce wyboru dokona pod wp\u0142ywem innych os\u00f3b, sytuacji czy te\u017c okoliczno\u015bci.<\/p>\n<p><!--more--><\/p>\n<p>W trakcie prowadzonych przez KOWEZiU (Krajowy O\u015brodek Wspierania Edukacji Zawodowej i Ustawicznej) bada\u0144 zapytano gimnazjalist\u00f3w o to, kto i co ma najwi\u0119kszy wp\u0142yw na ich edukacyjne i zawodowe wybory.<\/p>\n<p>Okaza\u0142o si\u0119, \u017ce:<\/p>\n<ul>\n<li>najwi\u0119kszy wp\u0142yw na decyzje uczni\u00f3w dotycz\u0105ce wyboru szko\u0142y czy zawodu, maj\u0105 rodzice oraz tradycje rodzinne,<\/li>\n<li>ogromny wp\u0142yw ma r\u00f3wnie\u017c grupa r\u00f3wie\u015bnicza, znajomi i koledzy m\u0142odego cz\u0142owieka,<\/li>\n<li>istotn\u0105 rol\u0119 odgrywaj\u0105 tak\u017ce nauczyciele, kt\u00f3rzy swoj\u0105 postaw\u0105 mog\u0105 zach\u0119ci\u0107 b\u0105d\u017a zniech\u0119ci\u0107 do wyboru danego zawodu,<\/li>\n<li>nie mniej wa\u017cna jest wiedza czerpana z Internetu,<\/li>\n<li>du\u017c\u0105 rol\u0119 odgrywa sie\u0107 szk\u00f3\u0142 w danym regionie, odleg\u0142o\u015b\u0107 danej plac\u00f3wki od miejsca zamieszkania m\u0142odej osoby. Tak\u017ce moda na dany zaw\u00f3d mo\u017ce znacz\u0105co przyczyni\u0107 si\u0119 do podj\u0119cia takiego, a nie innego wyboru szko\u0142y i zawodu. Zdarza si\u0119, \u017ce o wyborze decyduje czasami przypadek, media oraz prognozy, jakie mo\u017cliwo\u015bci finansowe da uko\u0144czenie danej szko\u0142y czy kierunku.<\/li>\n<\/ul>\n<p>Nie zapomnijmy jednak o tym, \u017ce poza oddzia\u0142ywaniem rodziny, szko\u0142y, przyjaci\u00f3\u0142 czy te\u017c przypadku, wa\u017cn\u0105 rol\u0119 pe\u0142ni\u0105 tzw. czynniki wewn\u0119trzne, do kt\u00f3rych mo\u017cemy zaliczy\u0107: zainteresowania, predyspozycje, zdolno\u015bci, talent, umiej\u0119tno\u015bci, temperament, cechy charakteru, warto\u015bci, mo\u017cliwo\u015bci intelektualne, postawy, przekonania, stan zdrowia.<\/p>\n<p>Wyniki bada\u0144 jednoznacznie wskazuj\u0105 na Was \u2013 Rodzic\u00f3w \u2013 jako osoby znacz\u0105ce, kt\u00f3re s\u0105 autorytetem tak\u017ce w sytuacji kszta\u0142towania przysz\u0142ej \u015bcie\u017cki edukacyjnej i zawodowej. Warto zatem wykorzysta\u0107 ten kredyt zaufania udzielony przez dzieci i potraktowa\u0107 jako inwestycj\u0119 w ich przysz\u0142\u0105 karier\u0119. Rodzicu \u2013 jeste\u015b pierwszym doradc\u0105 swojego nastolatka w przer\u00f3\u017cnych sprawach dnia codziennego, zatem spr\u00f3buj tak\u017ce wesprze\u0107 go w wyborze szko\u0142y gimnazjalnej i zawodu. Przede wszystkim mo\u017cesz:<\/p>\n<ul>\n<li>zaobserwowa\u0107, jakie czynno\u015bci ch\u0119tnie wykonuje\u00a0 Twoja c\u00f3rka lub syn, co ich pasjonuje, zajmuje, ciekawi i rozmawia\u0107 z nim na ten temat. S\u0105 one bowiem pierwszym \u017ar\u00f3d\u0142em informacji o jego zainteresowaniach,<\/li>\n<li>przygl\u0105da\u0107 si\u0119 temu, w kt\u00f3rych zaj\u0119ciach pozalekcyjnych Twoje dziecko czuje si\u0119 jak przys\u0142owiowa \u201eryba w wodzie\u201d,<\/li>\n<li>rozmawia\u0107 na temat interesuj\u0105cych c\u00f3rk\u0119 lub syna przedmiot\u00f3w szkolnych. Rozmowy te mog\u0105 by\u0107 dla Ciebie kopalni\u0105 wiedzy o potencjale dziecka,<\/li>\n<li>towarzyszy\u0107 w codziennych obowi\u0105zkach \u2013 to pozwala na zaobserwowanie przej\u015bcia z dzieci\u0119cej fazy marze\u0144, zawodowych fantazji (\u201eB\u0119d\u0119 s\u0142awn\u0105 piosenkark\u0105, albo modelk\u0105\u201d) poprzez faz\u0119 zainteresowa\u0144\u00a0 (\u015awietnie, \u017ce mam dwie matematyki. Gorzej, gdy dwie historie\u201d) do krystalizacji pomys\u0142\u00f3w na siebie (\u201eInteresuj\u0105 mnie samochody. Wybior\u0119 szko\u0142\u0119 zawodow\u0105 i b\u0119d\u0119 mechanikiem samochodowym\u201d),<\/li>\n<li>anga\u017cowa\u0107 si\u0119 w \u017cycie szko\u0142y, tak\u017ce we wsp\u00f3\u0142prac\u0119 zwi\u0105zan\u0105 ze wspieraniem uczni\u00f3w w planowaniu kariery edukacyjnej i zawodowej.<\/li>\n<\/ul>\n<p><b>Czy warto by\u0107 doradc\u0105 swojego dziecka w sprawach zwi\u0105zanych z wyborem szko\u0142y i zawodu? \u2013 TAK<\/b><\/p>\n<p>Rodzicu:<\/p>\n<ul>\n<li>dobrze znasz swoje dziecko,<\/li>\n<li>mo\u017cesz motywowa\u0107 je do szukania odpowiedzi na pytanie \u201eCo chc\u0119 robi\u0107 w \u017cyciu?\u201d,<\/li>\n<li>stanowisz dla dziecka najwa\u017cniejszy punkt odniesienia w rozumieniu \u015bwiata, tak\u017ce tego zwi\u0105zanego z prac\u0105 zawodow\u0105, czy uczeniem si\u0119,<\/li>\n<li>przekazujesz informacje o zawodach, szko\u0142ach, pracy zawodowej; cz\u0119sto jeste\u015b pierwszym \u017ar\u00f3d\u0142em informacji, kt\u00f3remu Twoja c\u00f3rka lub syn z zaufaniem przyklejaj\u0105 etykiet\u0119 \u201ewiarygodne\u201d,<\/li>\n<li>dzielisz si\u0119 z dzieckiem swoj\u0105 wiedz\u0105 i w\u0142asnymi do\u015bwiadczeniami zawodowymi.<\/li>\n<\/ul>\n<p>Je\u017celi pragniecie Pa\u0144stwo zg\u0142\u0119bi\u0107 wiedz\u0119 z zakresu doradztwa edukacyjno \u2013 zawodowego zapraszam do odwiedzenia stron internetowych: <a href=\"http:\/\/www.koweziu.edu.pl\">www.koweziu.edu.pl<\/a>, <a href=\"http:\/\/www.doradztwozawodowe.koweziu.edu.pl\">www.doradztwozawodowe.koweziu.edu.pl<\/a> lub www.psz.praca.gov.pl.<\/p>\n<p>Opracowanie w oparciu o broszur\u0119 dla rodzic\u00f3w pt. <em>\u201ePomagam swojemu dziecku wybra\u0107 zaw\u00f3d i szko\u0142\u0119 ponadgimnazjaln\u0105\u201d<\/em>: mgr Monika Rabe (psycholog, doradca zawodowy)<\/p>\n","protected":false},"excerpt":{"rendered":"<p>Rodzicu \u2013 czy zastanawia\u0142e\u015b si\u0119 nad tym, kto ma najwi\u0119kszy wp\u0142yw na edukacyjne i zawodowe wybory twojego dziecka? O wyborze szko\u0142y i zawodu ucze\u0144 szko\u0142y gimnazjalnej oczywi\u015bcie mo\u017ce zdecydowa\u0107 samodzielnie. Zdarza si\u0119 jednak, \u017ce wyboru dokona pod wp\u0142ywem innych os\u00f3b, sytuacji czy te\u017c okoliczno\u015bci.<\/p>\n<p class=\"continue-reading-button\"> <a class=\"continue-reading-link\" href=\"https:\/\/sp7oswiecim.edu.pl\/?p=770\">Czytaj dalej<i class=\"crycon-right-dir\"><\/i><\/a><\/p>\n","protected":false},"author":2,"featured_media":771,"comment_status":"closed","ping_status":"closed","sticky":false,"template":"","format":"standard","meta":{"footnotes":""},"categories":[5,1],"tags":[],"class_list":["post-770","post","type-post","status-publish","format-standard","has-post-thumbnail","hentry","category-bez-kategorii","category-uncategorized"],"_links":{"self":[{"href":"https:\/\/sp7oswiecim.edu.pl\/index.php?rest_route=\/wp\/v2\/posts\/770","targetHints":{"allow":["GET"]}}],"collection":[{"href":"https:\/\/sp7oswiecim.edu.pl\/index.php?rest_route=\/wp\/v2\/posts"}],"about":[{"href":"https:\/\/sp7oswiecim.edu.pl\/index.php?rest_route=\/wp\/v2\/types\/post"}],"author":[{"embeddable":true,"href":"https:\/\/sp7oswiecim.edu.pl\/index.php?rest_route=\/wp\/v2\/users\/2"}],"replies":[{"embeddable":true,"href":"https:\/\/sp7oswiecim.edu.pl\/index.php?rest_route=%2Fwp%2Fv2%2Fcomments&post=770"}],"version-history":[{"count":0,"href":"https:\/\/sp7oswiecim.edu.pl\/index.php?rest_route=\/wp\/v2\/posts\/770\/revisions"}],"wp:featuredmedia":[{"embeddable":true,"href":"https:\/\/sp7oswiecim.edu.pl\/index.php?rest_route=\/wp\/v2\/media\/771"}],"wp:attachment":[{"href":"https:\/\/sp7oswiecim.edu.pl\/index.php?rest_route=%2Fwp%2Fv2%2Fmedia&parent=770"}],"wp:term":[{"taxonomy":"category","embeddable":true,"href":"https:\/\/sp7oswiecim.edu.pl\/index.php?rest_route=%2Fwp%2Fv2%2Fcategories&post=770"},{"taxonomy":"post_tag","embeddable":true,"href":"https:\/\/sp7oswiecim.edu.pl\/index.php?rest_route=%2Fwp%2Fv2%2Ftags&post=770"}],"curies":[{"name":"wp","href":"https:\/\/api.w.org\/{rel}","templated":true}]}}