{"id":644,"date":"2014-01-12T19:57:20","date_gmt":"2014-01-12T18:57:20","guid":{"rendered":"https:\/\/sp7oswiecim.edu.pl\/?p=644"},"modified":"2014-01-12T19:57:20","modified_gmt":"2014-01-12T18:57:20","slug":"redakcja-gazetki-rok-szkolny-2013","status":"publish","type":"post","link":"https:\/\/sp7oswiecim.edu.pl\/?p=644","title":{"rendered":"Redakcja gazetki- rok szkolny 2013\/2014"},"content":{"rendered":"<p>W nowym roku szkolnym zmieni\u0142 si\u0119 sk\u0142ad redakcji.<\/p>\n<p><strong>Redaktorzy:<\/strong> Xperia, lolxdv, Krzysiek, Kolorowa Maskotka, Weronika, Srumacka<\/p>\n<p><strong>Go\u015bcinnie:<\/strong> Pola i Lisa<\/p>\n","protected":false},"excerpt":{"rendered":"<p>W nowym roku szkolnym zmieni\u0142 si\u0119 sk\u0142ad redakcji. Redaktorzy: Xperia, lolxdv, Krzysiek, Kolorowa Maskotka, Weronika, Srumacka Go\u015bcinnie: Pola i Lisa<\/p>\n<p class=\"continue-reading-button\"> <a class=\"continue-reading-link\" href=\"https:\/\/sp7oswiecim.edu.pl\/?p=644\">Czytaj dalej<i class=\"crycon-right-dir\"><\/i><\/a><\/p>\n","protected":false},"author":2,"featured_media":0,"comment_status":"closed","ping_status":"closed","sticky":false,"template":"","format":"standard","meta":{"footnotes":""},"categories":[5,1],"tags":[],"class_list":["post-644","post","type-post","status-publish","format-standard","hentry","category-bez-kategorii","category-uncategorized"],"_links":{"self":[{"href":"https:\/\/sp7oswiecim.edu.pl\/index.php?rest_route=\/wp\/v2\/posts\/644","targetHints":{"allow":["GET"]}}],"collection":[{"href":"https:\/\/sp7oswiecim.edu.pl\/index.php?rest_route=\/wp\/v2\/posts"}],"about":[{"href":"https:\/\/sp7oswiecim.edu.pl\/index.php?rest_route=\/wp\/v2\/types\/post"}],"author":[{"embeddable":true,"href":"https:\/\/sp7oswiecim.edu.pl\/index.php?rest_route=\/wp\/v2\/users\/2"}],"replies":[{"embeddable":true,"href":"https:\/\/sp7oswiecim.edu.pl\/index.php?rest_route=%2Fwp%2Fv2%2Fcomments&post=644"}],"version-history":[{"count":0,"href":"https:\/\/sp7oswiecim.edu.pl\/index.php?rest_route=\/wp\/v2\/posts\/644\/revisions"}],"wp:attachment":[{"href":"https:\/\/sp7oswiecim.edu.pl\/index.php?rest_route=%2Fwp%2Fv2%2Fmedia&parent=644"}],"wp:term":[{"taxonomy":"category","embeddable":true,"href":"https:\/\/sp7oswiecim.edu.pl\/index.php?rest_route=%2Fwp%2Fv2%2Fcategories&post=644"},{"taxonomy":"post_tag","embeddable":true,"href":"https:\/\/sp7oswiecim.edu.pl\/index.php?rest_route=%2Fwp%2Fv2%2Ftags&post=644"}],"curies":[{"name":"wp","href":"https:\/\/api.w.org\/{rel}","templated":true}]}}