{"id":24267,"date":"2026-04-30T14:36:01","date_gmt":"2026-04-30T14:36:01","guid":{"rendered":"https:\/\/sp7oswiecim.edu.pl\/?p=24267"},"modified":"2026-04-30T14:44:49","modified_gmt":"2026-04-30T14:44:49","slug":"polkolonia-letnia-lipiec-2026","status":"publish","type":"post","link":"https:\/\/sp7oswiecim.edu.pl\/?p=24267","title":{"rendered":"P\u00f3\u0142kolonia letnia lipiec 2026"},"content":{"rendered":"<p style=\"text-align: center;\"><img loading=\"lazy\" decoding=\"async\" class=\"aligncenter wp-image-24268 size-medium\" src=\"https:\/\/sp7oswiecim.edu.pl\/wp-content\/uploads\/2026\/04\/ny0UaE1f-212x300.jpg\" alt=\"\" width=\"212\" height=\"300\" srcset=\"https:\/\/sp7oswiecim.edu.pl\/wp-content\/uploads\/2026\/04\/ny0UaE1f-212x300.jpg 212w, https:\/\/sp7oswiecim.edu.pl\/wp-content\/uploads\/2026\/04\/ny0UaE1f-723x1024.jpg 723w, https:\/\/sp7oswiecim.edu.pl\/wp-content\/uploads\/2026\/04\/ny0UaE1f-768x1087.jpg 768w, https:\/\/sp7oswiecim.edu.pl\/wp-content\/uploads\/2026\/04\/ny0UaE1f-200x283.jpg 200w, https:\/\/sp7oswiecim.edu.pl\/wp-content\/uploads\/2026\/04\/ny0UaE1f-106x150.jpg 106w, https:\/\/sp7oswiecim.edu.pl\/wp-content\/uploads\/2026\/04\/ny0UaE1f.jpg 1054w\" sizes=\"auto, (max-width: 212px) 100vw, 212px\" \/><\/p>\n<p>W zaj\u0119ciach mog\u0105 uczestniczy\u0107 uczniowie klas 1-4 zamieszka\u0142e na terenie miasta O\u015bwi\u0119cim.<\/p>\n<p>Uczestnicy b\u0119d\u0105 mieli zapewnion\u0105 wykwalifikowan\u0105 kadr\u0119 opiekun\u00f3w oraz posi\u0142ki.<\/p>\n<p>Zapisy wraz z dokumentami b\u0119d\u0105 przyjmowane w dniach 4- 29 maja 2026 r. w sekretariacie szko\u0142y w godz. 7.30-15.30 \u2013 z wy\u0142\u0105czeniem dni 11- 13 maja \u2013 Egzamin \u00f3smoklasisty.<\/p>\n<p>Szczeg\u00f3\u0142owe informacje dotycz\u0105ce zapis\u00f3w poni\u017cszych za\u0142\u0105cznikach.<\/p>\n<p><strong>Dokumenty do pobrania:<\/strong><\/p>\n<ul>\n<li><a href=\"https:\/\/sp7oswiecim.edu.pl\/wp-content\/uploads\/2026\/04\/REGULAMIN-POLKOLONII.pdf\">REGULAMIN P\u00d3\u0141KOLONII<\/a><\/li>\n<li><a href=\"https:\/\/sp7oswiecim.edu.pl\/wp-content\/uploads\/2026\/04\/Regulamin-rekrutacji-uczniow-na-polkolonie.pdf\">Regulamin rekrutacji uczni\u00f3w na p\u00f3\u0142kolonie<\/a><\/li>\n<li><a href=\"https:\/\/sp7oswiecim.edu.pl\/wp-content\/uploads\/2026\/04\/KARTA-KWALIFIKACYJNA-UCZESTNIKA-WYPOCZYNKU.pdf\">KARTA KWALIFIKACYJNA UCZESTNIKA WYPOCZYNKU<\/a><\/li>\n<li><a href=\"https:\/\/sp7oswiecim.edu.pl\/wp-content\/uploads\/2026\/04\/Klauzula_informacyjna_RODO2026.pdf\">Klauzula_informacyjna_RODO2026<\/a><\/li>\n<li><a href=\"https:\/\/sp7oswiecim.edu.pl\/wp-content\/uploads\/2026\/04\/Oswiadczenia_Rodzicow_RODO2026.pdf\">Os\u0301wiadczenia_Rodzico\u0301w_RODO2026<\/a><\/li>\n<li><a href=\"https:\/\/sp7oswiecim.edu.pl\/wp-content\/uploads\/2026\/04\/Oswiadczenie_o_zatrudnieniu.pdf\">O\u015bwiadczenie_o_zatrudnieniu<\/a><\/li>\n<\/ul>\n","protected":false},"excerpt":{"rendered":"<p>W zaj\u0119ciach mog\u0105 uczestniczy\u0107 uczniowie klas 1-4 zamieszka\u0142e na terenie miasta O\u015bwi\u0119cim. Uczestnicy b\u0119d\u0105 mieli zapewnion\u0105 wykwalifikowan\u0105 kadr\u0119 opiekun\u00f3w oraz posi\u0142ki. Zapisy wraz z dokumentami b\u0119d\u0105 przyjmowane w dniach 4- 29 maja 2026 r. w sekretariacie szko\u0142y w godz. 7.30-15.30 \u2013 z wy\u0142\u0105czeniem dni 11- 13 maja \u2013 Egzamin \u00f3smoklasisty&#8230;.<\/p>\n<p class=\"continue-reading-button\"> <a class=\"continue-reading-link\" href=\"https:\/\/sp7oswiecim.edu.pl\/?p=24267\">Czytaj dalej<i class=\"crycon-right-dir\"><\/i><\/a><\/p>\n","protected":false},"author":1,"featured_media":0,"comment_status":"closed","ping_status":"closed","sticky":false,"template":"","format":"standard","meta":{"footnotes":""},"categories":[4],"tags":[],"class_list":["post-24267","post","type-post","status-publish","format-standard","hentry","category-aktualnosci"],"_links":{"self":[{"href":"https:\/\/sp7oswiecim.edu.pl\/index.php?rest_route=\/wp\/v2\/posts\/24267","targetHints":{"allow":["GET"]}}],"collection":[{"href":"https:\/\/sp7oswiecim.edu.pl\/index.php?rest_route=\/wp\/v2\/posts"}],"about":[{"href":"https:\/\/sp7oswiecim.edu.pl\/index.php?rest_route=\/wp\/v2\/types\/post"}],"author":[{"embeddable":true,"href":"https:\/\/sp7oswiecim.edu.pl\/index.php?rest_route=\/wp\/v2\/users\/1"}],"replies":[{"embeddable":true,"href":"https:\/\/sp7oswiecim.edu.pl\/index.php?rest_route=%2Fwp%2Fv2%2Fcomments&post=24267"}],"version-history":[{"count":3,"href":"https:\/\/sp7oswiecim.edu.pl\/index.php?rest_route=\/wp\/v2\/posts\/24267\/revisions"}],"predecessor-version":[{"id":24277,"href":"https:\/\/sp7oswiecim.edu.pl\/index.php?rest_route=\/wp\/v2\/posts\/24267\/revisions\/24277"}],"wp:attachment":[{"href":"https:\/\/sp7oswiecim.edu.pl\/index.php?rest_route=%2Fwp%2Fv2%2Fmedia&parent=24267"}],"wp:term":[{"taxonomy":"category","embeddable":true,"href":"https:\/\/sp7oswiecim.edu.pl\/index.php?rest_route=%2Fwp%2Fv2%2Fcategories&post=24267"},{"taxonomy":"post_tag","embeddable":true,"href":"https:\/\/sp7oswiecim.edu.pl\/index.php?rest_route=%2Fwp%2Fv2%2Ftags&post=24267"}],"curies":[{"name":"wp","href":"https:\/\/api.w.org\/{rel}","templated":true}]}}