{"id":24052,"date":"2026-03-16T20:16:11","date_gmt":"2026-03-16T20:16:11","guid":{"rendered":"https:\/\/sp7oswiecim.edu.pl\/?p=24052"},"modified":"2026-03-16T20:16:11","modified_gmt":"2026-03-16T20:16:11","slug":"24052","status":"publish","type":"post","link":"https:\/\/sp7oswiecim.edu.pl\/?p=24052","title":{"rendered":""},"content":{"rendered":"<p>Klasa 3a od wrze\u015bnia realizowa\u0142a innowacj\u0119 pedagogiczn\u0105 &#8222;Asy z trzeciej klasy&#8221;. Uczniowie systematycznie podnosili swoje umiej\u0119tno\u015bci i zdolno\u015bci matematyczne poprzez gry i zabawy oraz realizacj\u0119 dodatkowych zada\u0144 do pracy indywidualnej.<br \/>\nNajwytrwalsi w realizacji zada\u0144 matematycznych otrzymali pami\u0105tkowe statuetki oraz tytu\u0142 Asa z trzeciej klasy.<\/p>\n<p style=\"text-align: center;\"><img loading=\"lazy\" decoding=\"async\" class=\"aligncenter size-large wp-image-24053\" src=\"https:\/\/sp7oswiecim.edu.pl\/wp-content\/uploads\/2026\/03\/20260312-091057-1024x614.jpg\" alt=\"\" width=\"900\" height=\"540\" srcset=\"https:\/\/sp7oswiecim.edu.pl\/wp-content\/uploads\/2026\/03\/20260312-091057-1024x614.jpg 1024w, https:\/\/sp7oswiecim.edu.pl\/wp-content\/uploads\/2026\/03\/20260312-091057-300x180.jpg 300w, https:\/\/sp7oswiecim.edu.pl\/wp-content\/uploads\/2026\/03\/20260312-091057-768x460.jpg 768w, https:\/\/sp7oswiecim.edu.pl\/wp-content\/uploads\/2026\/03\/20260312-091057-1536x921.jpg 1536w, https:\/\/sp7oswiecim.edu.pl\/wp-content\/uploads\/2026\/03\/20260312-091057-200x120.jpg 200w, https:\/\/sp7oswiecim.edu.pl\/wp-content\/uploads\/2026\/03\/20260312-091057-150x90.jpg 150w, https:\/\/sp7oswiecim.edu.pl\/wp-content\/uploads\/2026\/03\/20260312-091057.jpg 2000w\" sizes=\"auto, (max-width: 900px) 100vw, 900px\" \/><\/p>\n","protected":false},"excerpt":{"rendered":"<p>Klasa 3a od wrze\u015bnia realizowa\u0142a innowacj\u0119 pedagogiczn\u0105 &#8222;Asy z trzeciej klasy&#8221;. Uczniowie systematycznie podnosili swoje umiej\u0119tno\u015bci i zdolno\u015bci matematyczne poprzez gry i zabawy oraz realizacj\u0119 dodatkowych zada\u0144 do pracy indywidualnej. Najwytrwalsi w realizacji zada\u0144 matematycznych otrzymali pami\u0105tkowe statuetki oraz tytu\u0142 Asa z trzeciej klasy.<\/p>\n<p class=\"continue-reading-button\"> <a class=\"continue-reading-link\" href=\"https:\/\/sp7oswiecim.edu.pl\/?p=24052\">Czytaj dalej<i class=\"crycon-right-dir\"><\/i><\/a><\/p>\n","protected":false},"author":1,"featured_media":0,"comment_status":"closed","ping_status":"closed","sticky":false,"template":"","format":"standard","meta":{"footnotes":""},"categories":[4],"tags":[],"class_list":["post-24052","post","type-post","status-publish","format-standard","hentry","category-aktualnosci"],"_links":{"self":[{"href":"https:\/\/sp7oswiecim.edu.pl\/index.php?rest_route=\/wp\/v2\/posts\/24052","targetHints":{"allow":["GET"]}}],"collection":[{"href":"https:\/\/sp7oswiecim.edu.pl\/index.php?rest_route=\/wp\/v2\/posts"}],"about":[{"href":"https:\/\/sp7oswiecim.edu.pl\/index.php?rest_route=\/wp\/v2\/types\/post"}],"author":[{"embeddable":true,"href":"https:\/\/sp7oswiecim.edu.pl\/index.php?rest_route=\/wp\/v2\/users\/1"}],"replies":[{"embeddable":true,"href":"https:\/\/sp7oswiecim.edu.pl\/index.php?rest_route=%2Fwp%2Fv2%2Fcomments&post=24052"}],"version-history":[{"count":1,"href":"https:\/\/sp7oswiecim.edu.pl\/index.php?rest_route=\/wp\/v2\/posts\/24052\/revisions"}],"predecessor-version":[{"id":24054,"href":"https:\/\/sp7oswiecim.edu.pl\/index.php?rest_route=\/wp\/v2\/posts\/24052\/revisions\/24054"}],"wp:attachment":[{"href":"https:\/\/sp7oswiecim.edu.pl\/index.php?rest_route=%2Fwp%2Fv2%2Fmedia&parent=24052"}],"wp:term":[{"taxonomy":"category","embeddable":true,"href":"https:\/\/sp7oswiecim.edu.pl\/index.php?rest_route=%2Fwp%2Fv2%2Fcategories&post=24052"},{"taxonomy":"post_tag","embeddable":true,"href":"https:\/\/sp7oswiecim.edu.pl\/index.php?rest_route=%2Fwp%2Fv2%2Ftags&post=24052"}],"curies":[{"name":"wp","href":"https:\/\/api.w.org\/{rel}","templated":true}]}}