{"id":24023,"date":"2026-03-13T07:34:24","date_gmt":"2026-03-13T07:34:24","guid":{"rendered":"https:\/\/sp7oswiecim.edu.pl\/?p=24023"},"modified":"2026-03-13T07:34:24","modified_gmt":"2026-03-13T07:34:24","slug":"pasowanie-na-czytelnika-klas-1a-i-1b","status":"publish","type":"post","link":"https:\/\/sp7oswiecim.edu.pl\/?p=24023","title":{"rendered":"PASOWANIE NA CZYTELNIKA KLAS 1A I 1B"},"content":{"rendered":"<p>Uczniowie klas 1a i 1b odwiedzili bibliotek\u0119 szkoln\u0105 z okazji uroczystego pasowania na czytelnika. Wcze\u015bniej wiele razy uczestniczyli w zaj\u0119ciach czytelniczych w\u00a0 bibliotece lub zagl\u0105dali na przerwach, ale szczeg\u00f3lnie spodoba\u0142o im si\u0119 \u015bwi\u0119to pasowania. Z tej okazji obejrzeli ciekawe ksi\u0105\u017cki miniaturki oraz dekoracyjne pude\u0142ko na przedmioty w formie ksi\u0105\u017cki. Wzi\u0119li udzia\u0142 w konkursie \u201eZnam bohater\u00f3w bajek\u201d oraz w konkursie na pomylone\u00a0\u00a0 \u00a0tytu\u0142y. W kolejnej cz\u0119\u015bci spotkania dzieci mog\u0142y skorzysta\u0107 z porady terapeutycznej i otrzyma\u0107 recept\u0119 na szcz\u0119\u015bliw\u0105 ksi\u0105\u017ck\u0119. Spotkanie zako\u0144czy\u0142o si\u0119 przyrzeczeniem, rozdaniem ksi\u0105\u017cek Justyny Bednarek pt. \u201dWnuczka antykwariusza\u201d i emblemat\u00f3w na pami\u0105tk\u0119 spotkania.<\/p>\n\n\t\t<style type=\"text\/css\">\n\t\t\t#gallery-1 {\n\t\t\t\tmargin: auto;\n\t\t\t}\n\t\t\t#gallery-1 .gallery-item {\n\t\t\t\tfloat: left;\n\t\t\t\tmargin-top: 10px;\n\t\t\t\ttext-align: center;\n\t\t\t\twidth: 20%;\n\t\t\t}\n\t\t\t#gallery-1 img {\n\t\t\t\tborder: 2px solid #cfcfcf;\n\t\t\t}\n\t\t\t#gallery-1 .gallery-caption {\n\t\t\t\tmargin-left: 0;\n\t\t\t}\n\t\t\t\/* see gallery_shortcode() in wp-includes\/media.php *\/\n\t\t<\/style>\n\t\t<div id='gallery-1' class='gallery galleryid-24023 gallery-columns-5 gallery-size-thumbnail'><dl class='gallery-item'>\n\t\t\t<dt class='gallery-icon portrait'>\n\t\t\t\t<a href='https:\/\/sp7oswiecim.edu.pl\/?attachment_id=24024'><img loading=\"lazy\" decoding=\"async\" width=\"150\" height=\"150\" src=\"https:\/\/sp7oswiecim.edu.pl\/wp-content\/uploads\/2026\/03\/IMG_20260312_075055-150x150.jpg\" class=\"attachment-thumbnail size-thumbnail\" alt=\"\" \/><\/a>\n\t\t\t<\/dt><\/dl><dl class='gallery-item'>\n\t\t\t<dt class='gallery-icon landscape'>\n\t\t\t\t<a href='https:\/\/sp7oswiecim.edu.pl\/?attachment_id=24025'><img loading=\"lazy\" decoding=\"async\" width=\"150\" height=\"150\" src=\"https:\/\/sp7oswiecim.edu.pl\/wp-content\/uploads\/2026\/03\/IMG-20260309-WA0004-150x150.jpg\" class=\"attachment-thumbnail size-thumbnail\" alt=\"\" \/><\/a>\n\t\t\t<\/dt><\/dl><dl class='gallery-item'>\n\t\t\t<dt class='gallery-icon portrait'>\n\t\t\t\t<a href='https:\/\/sp7oswiecim.edu.pl\/?attachment_id=24026'><img loading=\"lazy\" decoding=\"async\" width=\"150\" height=\"150\" src=\"https:\/\/sp7oswiecim.edu.pl\/wp-content\/uploads\/2026\/03\/IMG-20260311-WA0004-150x150.jpg\" class=\"attachment-thumbnail size-thumbnail\" alt=\"\" \/><\/a>\n\t\t\t<\/dt><\/dl><dl class='gallery-item'>\n\t\t\t<dt class='gallery-icon portrait'>\n\t\t\t\t<a href='https:\/\/sp7oswiecim.edu.pl\/?attachment_id=24027'><img loading=\"lazy\" decoding=\"async\" width=\"150\" height=\"150\" src=\"https:\/\/sp7oswiecim.edu.pl\/wp-content\/uploads\/2026\/03\/IMG-20260311-WA0014-150x150.jpg\" class=\"attachment-thumbnail size-thumbnail\" alt=\"\" \/><\/a>\n\t\t\t<\/dt><\/dl><dl class='gallery-item'>\n\t\t\t<dt class='gallery-icon portrait'>\n\t\t\t\t<a href='https:\/\/sp7oswiecim.edu.pl\/?attachment_id=24028'><img loading=\"lazy\" decoding=\"async\" width=\"150\" height=\"150\" src=\"https:\/\/sp7oswiecim.edu.pl\/wp-content\/uploads\/2026\/03\/IMG-20260311-WA0017-150x150.jpg\" class=\"attachment-thumbnail size-thumbnail\" alt=\"\" \/><\/a>\n\t\t\t<\/dt><\/dl><br style=\"clear: both\" \/>\n\t\t<\/div>\n\n","protected":false},"excerpt":{"rendered":"<p>Uczniowie klas 1a i 1b odwiedzili bibliotek\u0119 szkoln\u0105 z okazji uroczystego pasowania na czytelnika. Wcze\u015bniej wiele razy uczestniczyli w zaj\u0119ciach czytelniczych w\u00a0 bibliotece lub zagl\u0105dali na przerwach, ale szczeg\u00f3lnie spodoba\u0142o im si\u0119 \u015bwi\u0119to pasowania. Z tej okazji obejrzeli ciekawe ksi\u0105\u017cki miniaturki oraz dekoracyjne pude\u0142ko na przedmioty w formie ksi\u0105\u017cki. Wzi\u0119li&#8230;<\/p>\n<p class=\"continue-reading-button\"> <a class=\"continue-reading-link\" href=\"https:\/\/sp7oswiecim.edu.pl\/?p=24023\">Czytaj dalej<i class=\"crycon-right-dir\"><\/i><\/a><\/p>\n","protected":false},"author":1,"featured_media":0,"comment_status":"closed","ping_status":"closed","sticky":false,"template":"","format":"standard","meta":{"footnotes":""},"categories":[4],"tags":[],"class_list":["post-24023","post","type-post","status-publish","format-standard","hentry","category-aktualnosci"],"_links":{"self":[{"href":"https:\/\/sp7oswiecim.edu.pl\/index.php?rest_route=\/wp\/v2\/posts\/24023","targetHints":{"allow":["GET"]}}],"collection":[{"href":"https:\/\/sp7oswiecim.edu.pl\/index.php?rest_route=\/wp\/v2\/posts"}],"about":[{"href":"https:\/\/sp7oswiecim.edu.pl\/index.php?rest_route=\/wp\/v2\/types\/post"}],"author":[{"embeddable":true,"href":"https:\/\/sp7oswiecim.edu.pl\/index.php?rest_route=\/wp\/v2\/users\/1"}],"replies":[{"embeddable":true,"href":"https:\/\/sp7oswiecim.edu.pl\/index.php?rest_route=%2Fwp%2Fv2%2Fcomments&post=24023"}],"version-history":[{"count":1,"href":"https:\/\/sp7oswiecim.edu.pl\/index.php?rest_route=\/wp\/v2\/posts\/24023\/revisions"}],"predecessor-version":[{"id":24029,"href":"https:\/\/sp7oswiecim.edu.pl\/index.php?rest_route=\/wp\/v2\/posts\/24023\/revisions\/24029"}],"wp:attachment":[{"href":"https:\/\/sp7oswiecim.edu.pl\/index.php?rest_route=%2Fwp%2Fv2%2Fmedia&parent=24023"}],"wp:term":[{"taxonomy":"category","embeddable":true,"href":"https:\/\/sp7oswiecim.edu.pl\/index.php?rest_route=%2Fwp%2Fv2%2Fcategories&post=24023"},{"taxonomy":"post_tag","embeddable":true,"href":"https:\/\/sp7oswiecim.edu.pl\/index.php?rest_route=%2Fwp%2Fv2%2Ftags&post=24023"}],"curies":[{"name":"wp","href":"https:\/\/api.w.org\/{rel}","templated":true}]}}