{"id":23997,"date":"2026-03-12T09:21:34","date_gmt":"2026-03-12T09:21:34","guid":{"rendered":"https:\/\/sp7oswiecim.edu.pl\/?p=23997"},"modified":"2026-03-12T09:21:34","modified_gmt":"2026-03-12T09:21:34","slug":"kosmos","status":"publish","type":"post","link":"https:\/\/sp7oswiecim.edu.pl\/?p=23997","title":{"rendered":"Kosmos"},"content":{"rendered":"<p>Ostatnie dni w klasie 1a po\u015bwi\u0119cone by\u0142y tematyce kosmosu. Uczniowie poznali budow\u0119 Uk\u0142adu S\u0142onecznego, dowiedzieli si\u0119 r\u00f3\u017cnych ciekawych rzeczy o poszczeg\u00f3lnych planetach, a tak\u017ce tego, jak wygl\u0105daj\u0105 w chwili obecnej podr\u00f3\u017ce kosmiczne. Tematyka okaza\u0142a si\u0119 dla dzieci bardzo interesuj\u0105ca. Z przyjemno\u015bci\u0105 wykonali r\u00f3\u017cne prace plastyczne oraz modele planet. W klasie powsta\u0142a ogromna gazetka oraz wisz\u0105cy model Uk\u0142adu S\u0142onecznego.<\/p>\n\n\t\t<style type=\"text\/css\">\n\t\t\t#gallery-1 {\n\t\t\t\tmargin: auto;\n\t\t\t}\n\t\t\t#gallery-1 .gallery-item {\n\t\t\t\tfloat: left;\n\t\t\t\tmargin-top: 10px;\n\t\t\t\ttext-align: center;\n\t\t\t\twidth: 14%;\n\t\t\t}\n\t\t\t#gallery-1 img {\n\t\t\t\tborder: 2px solid #cfcfcf;\n\t\t\t}\n\t\t\t#gallery-1 .gallery-caption {\n\t\t\t\tmargin-left: 0;\n\t\t\t}\n\t\t\t\/* see gallery_shortcode() in wp-includes\/media.php *\/\n\t\t<\/style>\n\t\t<div id='gallery-1' class='gallery galleryid-23997 gallery-columns-7 gallery-size-thumbnail'><dl class='gallery-item'>\n\t\t\t<dt class='gallery-icon landscape'>\n\t\t\t\t<a href='https:\/\/sp7oswiecim.edu.pl\/?attachment_id=23998'><img loading=\"lazy\" decoding=\"async\" width=\"150\" height=\"150\" src=\"https:\/\/sp7oswiecim.edu.pl\/wp-content\/uploads\/2026\/03\/IMG_20260310_234558-150x150.jpg\" class=\"attachment-thumbnail size-thumbnail\" alt=\"\" \/><\/a>\n\t\t\t<\/dt><\/dl><dl class='gallery-item'>\n\t\t\t<dt class='gallery-icon landscape'>\n\t\t\t\t<a href='https:\/\/sp7oswiecim.edu.pl\/?attachment_id=23999'><img loading=\"lazy\" decoding=\"async\" width=\"150\" height=\"150\" src=\"https:\/\/sp7oswiecim.edu.pl\/wp-content\/uploads\/2026\/03\/IMG_20260310_234930-150x150.jpg\" class=\"attachment-thumbnail size-thumbnail\" alt=\"\" \/><\/a>\n\t\t\t<\/dt><\/dl><dl class='gallery-item'>\n\t\t\t<dt class='gallery-icon portrait'>\n\t\t\t\t<a href='https:\/\/sp7oswiecim.edu.pl\/?attachment_id=24000'><img loading=\"lazy\" decoding=\"async\" width=\"150\" height=\"150\" src=\"https:\/\/sp7oswiecim.edu.pl\/wp-content\/uploads\/2026\/03\/IMG20260305105757-150x150.jpg\" class=\"attachment-thumbnail size-thumbnail\" alt=\"\" aria-describedby=\"gallery-1-24000\" \/><\/a>\n\t\t\t<\/dt>\n\t\t\t\t<dd class='wp-caption-text gallery-caption' id='gallery-1-24000'>\n\t\t\t\toplus_34\n\t\t\t\t<\/dd><\/dl><dl class='gallery-item'>\n\t\t\t<dt class='gallery-icon portrait'>\n\t\t\t\t<a href='https:\/\/sp7oswiecim.edu.pl\/?attachment_id=24001'><img loading=\"lazy\" decoding=\"async\" width=\"150\" height=\"150\" src=\"https:\/\/sp7oswiecim.edu.pl\/wp-content\/uploads\/2026\/03\/IMG20260305111106-150x150.jpg\" class=\"attachment-thumbnail size-thumbnail\" alt=\"\" aria-describedby=\"gallery-1-24001\" \/><\/a>\n\t\t\t<\/dt>\n\t\t\t\t<dd class='wp-caption-text gallery-caption' id='gallery-1-24001'>\n\t\t\t\toplus_34\n\t\t\t\t<\/dd><\/dl><dl class='gallery-item'>\n\t\t\t<dt class='gallery-icon portrait'>\n\t\t\t\t<a href='https:\/\/sp7oswiecim.edu.pl\/?attachment_id=24002'><img loading=\"lazy\" decoding=\"async\" width=\"150\" height=\"150\" src=\"https:\/\/sp7oswiecim.edu.pl\/wp-content\/uploads\/2026\/03\/IMG20260305111312-150x150.jpg\" class=\"attachment-thumbnail size-thumbnail\" alt=\"\" aria-describedby=\"gallery-1-24002\" \/><\/a>\n\t\t\t<\/dt>\n\t\t\t\t<dd class='wp-caption-text gallery-caption' id='gallery-1-24002'>\n\t\t\t\toplus_34\n\t\t\t\t<\/dd><\/dl><dl class='gallery-item'>\n\t\t\t<dt class='gallery-icon portrait'>\n\t\t\t\t<a href='https:\/\/sp7oswiecim.edu.pl\/?attachment_id=24003'><img loading=\"lazy\" decoding=\"async\" width=\"150\" height=\"150\" src=\"https:\/\/sp7oswiecim.edu.pl\/wp-content\/uploads\/2026\/03\/IMG20260305111547-150x150.jpg\" class=\"attachment-thumbnail size-thumbnail\" alt=\"\" aria-describedby=\"gallery-1-24003\" \/><\/a>\n\t\t\t<\/dt>\n\t\t\t\t<dd class='wp-caption-text gallery-caption' id='gallery-1-24003'>\n\t\t\t\toplus_34\n\t\t\t\t<\/dd><\/dl><dl class='gallery-item'>\n\t\t\t<dt class='gallery-icon portrait'>\n\t\t\t\t<a href='https:\/\/sp7oswiecim.edu.pl\/?attachment_id=24004'><img loading=\"lazy\" decoding=\"async\" width=\"150\" height=\"150\" src=\"https:\/\/sp7oswiecim.edu.pl\/wp-content\/uploads\/2026\/03\/IMG20260305111551-150x150.jpg\" class=\"attachment-thumbnail size-thumbnail\" alt=\"\" aria-describedby=\"gallery-1-24004\" \/><\/a>\n\t\t\t<\/dt>\n\t\t\t\t<dd class='wp-caption-text gallery-caption' id='gallery-1-24004'>\n\t\t\t\toplus_34\n\t\t\t\t<\/dd><\/dl><br style=\"clear: both\" \/>\n\t\t<\/div>\n\n","protected":false},"excerpt":{"rendered":"<p>Ostatnie dni w klasie 1a po\u015bwi\u0119cone by\u0142y tematyce kosmosu. Uczniowie poznali budow\u0119 Uk\u0142adu S\u0142onecznego, dowiedzieli si\u0119 r\u00f3\u017cnych ciekawych rzeczy o poszczeg\u00f3lnych planetach, a tak\u017ce tego, jak wygl\u0105daj\u0105 w chwili obecnej podr\u00f3\u017ce kosmiczne. Tematyka okaza\u0142a si\u0119 dla dzieci bardzo interesuj\u0105ca. Z przyjemno\u015bci\u0105 wykonali r\u00f3\u017cne prace plastyczne oraz modele planet. W klasie&#8230;<\/p>\n<p class=\"continue-reading-button\"> <a class=\"continue-reading-link\" href=\"https:\/\/sp7oswiecim.edu.pl\/?p=23997\">Czytaj dalej<i class=\"crycon-right-dir\"><\/i><\/a><\/p>\n","protected":false},"author":1,"featured_media":0,"comment_status":"closed","ping_status":"closed","sticky":false,"template":"","format":"standard","meta":{"footnotes":""},"categories":[4],"tags":[],"class_list":["post-23997","post","type-post","status-publish","format-standard","hentry","category-aktualnosci"],"_links":{"self":[{"href":"https:\/\/sp7oswiecim.edu.pl\/index.php?rest_route=\/wp\/v2\/posts\/23997","targetHints":{"allow":["GET"]}}],"collection":[{"href":"https:\/\/sp7oswiecim.edu.pl\/index.php?rest_route=\/wp\/v2\/posts"}],"about":[{"href":"https:\/\/sp7oswiecim.edu.pl\/index.php?rest_route=\/wp\/v2\/types\/post"}],"author":[{"embeddable":true,"href":"https:\/\/sp7oswiecim.edu.pl\/index.php?rest_route=\/wp\/v2\/users\/1"}],"replies":[{"embeddable":true,"href":"https:\/\/sp7oswiecim.edu.pl\/index.php?rest_route=%2Fwp%2Fv2%2Fcomments&post=23997"}],"version-history":[{"count":1,"href":"https:\/\/sp7oswiecim.edu.pl\/index.php?rest_route=\/wp\/v2\/posts\/23997\/revisions"}],"predecessor-version":[{"id":24005,"href":"https:\/\/sp7oswiecim.edu.pl\/index.php?rest_route=\/wp\/v2\/posts\/23997\/revisions\/24005"}],"wp:attachment":[{"href":"https:\/\/sp7oswiecim.edu.pl\/index.php?rest_route=%2Fwp%2Fv2%2Fmedia&parent=23997"}],"wp:term":[{"taxonomy":"category","embeddable":true,"href":"https:\/\/sp7oswiecim.edu.pl\/index.php?rest_route=%2Fwp%2Fv2%2Fcategories&post=23997"},{"taxonomy":"post_tag","embeddable":true,"href":"https:\/\/sp7oswiecim.edu.pl\/index.php?rest_route=%2Fwp%2Fv2%2Ftags&post=23997"}],"curies":[{"name":"wp","href":"https:\/\/api.w.org\/{rel}","templated":true}]}}