{"id":23956,"date":"2026-03-04T07:12:22","date_gmt":"2026-03-04T07:12:22","guid":{"rendered":"https:\/\/sp7oswiecim.edu.pl\/?p=23956"},"modified":"2026-03-04T07:12:22","modified_gmt":"2026-03-04T07:12:22","slug":"23956","status":"publish","type":"post","link":"https:\/\/sp7oswiecim.edu.pl\/?p=23956","title":{"rendered":""},"content":{"rendered":"<p>Z dum\u0105 informujemy, \u017ce nasza szko\u0142a bierze udzia\u0142 w og\u00f3lnopolskim\u00a0 programie profilaktycznym <strong>\u201eR\u00d3WIE\u015aNICY\u201d<\/strong>, kt\u00f3rego organizatorem jest <strong>Fundacja Dajemy Dzieciom Si\u0142\u0119<\/strong>.<\/p>\n<p>Celem programu jest <strong>przeciwdzia\u0142anie przemocy r\u00f3wie\u015bniczej \u2013 w tym tak\u017ce cyberprzemocy<\/strong> \u2013 poprzez wzmacnianie kompetencji spo\u0142ecznych uczni\u00f3w, rozwijanie empatii, umiej\u0119tno\u015bci komunikacji i budowanie bezpiecznego, wspieraj\u0105cego \u015brodowiska szkolnego.<\/p>\n<p>Jeste\u015bmy przekonani, \u017ce udzia\u0142 w programie \u201eR\u00d3WIE\u015aNICY\u201d przyczyni si\u0119 do stworzenia jeszcze bezpieczniejszej i bardziej wspieraj\u0105cej spo\u0142eczno\u015bci szkolnej.<\/p>\n<p style=\"text-align: center;\"><img loading=\"lazy\" decoding=\"async\" class=\"aligncenter size-large wp-image-23957\" src=\"https:\/\/sp7oswiecim.edu.pl\/wp-content\/uploads\/2026\/03\/ROWIESNICY_25_Zaswiadczenie_przystapienie_szkola_PNG-1-1024x723.png\" alt=\"\" width=\"900\" height=\"635\" srcset=\"https:\/\/sp7oswiecim.edu.pl\/wp-content\/uploads\/2026\/03\/ROWIESNICY_25_Zaswiadczenie_przystapienie_szkola_PNG-1-1024x723.png 1024w, https:\/\/sp7oswiecim.edu.pl\/wp-content\/uploads\/2026\/03\/ROWIESNICY_25_Zaswiadczenie_przystapienie_szkola_PNG-1-300x212.png 300w, https:\/\/sp7oswiecim.edu.pl\/wp-content\/uploads\/2026\/03\/ROWIESNICY_25_Zaswiadczenie_przystapienie_szkola_PNG-1-768x543.png 768w, https:\/\/sp7oswiecim.edu.pl\/wp-content\/uploads\/2026\/03\/ROWIESNICY_25_Zaswiadczenie_przystapienie_szkola_PNG-1-1536x1085.png 1536w, https:\/\/sp7oswiecim.edu.pl\/wp-content\/uploads\/2026\/03\/ROWIESNICY_25_Zaswiadczenie_przystapienie_szkola_PNG-1-200x141.png 200w, https:\/\/sp7oswiecim.edu.pl\/wp-content\/uploads\/2026\/03\/ROWIESNICY_25_Zaswiadczenie_przystapienie_szkola_PNG-1-150x106.png 150w, https:\/\/sp7oswiecim.edu.pl\/wp-content\/uploads\/2026\/03\/ROWIESNICY_25_Zaswiadczenie_przystapienie_szkola_PNG-1.png 2000w\" sizes=\"auto, (max-width: 900px) 100vw, 900px\" \/><\/p>\n","protected":false},"excerpt":{"rendered":"<p>Z dum\u0105 informujemy, \u017ce nasza szko\u0142a bierze udzia\u0142 w og\u00f3lnopolskim\u00a0 programie profilaktycznym \u201eR\u00d3WIE\u015aNICY\u201d, kt\u00f3rego organizatorem jest Fundacja Dajemy Dzieciom Si\u0142\u0119. Celem programu jest przeciwdzia\u0142anie przemocy r\u00f3wie\u015bniczej \u2013 w tym tak\u017ce cyberprzemocy \u2013 poprzez wzmacnianie kompetencji spo\u0142ecznych uczni\u00f3w, rozwijanie empatii, umiej\u0119tno\u015bci komunikacji i budowanie bezpiecznego, wspieraj\u0105cego \u015brodowiska szkolnego. Jeste\u015bmy przekonani, \u017ce&#8230;<\/p>\n<p class=\"continue-reading-button\"> <a class=\"continue-reading-link\" href=\"https:\/\/sp7oswiecim.edu.pl\/?p=23956\">Czytaj dalej<i class=\"crycon-right-dir\"><\/i><\/a><\/p>\n","protected":false},"author":1,"featured_media":0,"comment_status":"closed","ping_status":"closed","sticky":false,"template":"","format":"standard","meta":{"footnotes":""},"categories":[4,14],"tags":[],"class_list":["post-23956","post","type-post","status-publish","format-standard","hentry","category-aktualnosci","category-profilaktyka"],"_links":{"self":[{"href":"https:\/\/sp7oswiecim.edu.pl\/index.php?rest_route=\/wp\/v2\/posts\/23956","targetHints":{"allow":["GET"]}}],"collection":[{"href":"https:\/\/sp7oswiecim.edu.pl\/index.php?rest_route=\/wp\/v2\/posts"}],"about":[{"href":"https:\/\/sp7oswiecim.edu.pl\/index.php?rest_route=\/wp\/v2\/types\/post"}],"author":[{"embeddable":true,"href":"https:\/\/sp7oswiecim.edu.pl\/index.php?rest_route=\/wp\/v2\/users\/1"}],"replies":[{"embeddable":true,"href":"https:\/\/sp7oswiecim.edu.pl\/index.php?rest_route=%2Fwp%2Fv2%2Fcomments&post=23956"}],"version-history":[{"count":1,"href":"https:\/\/sp7oswiecim.edu.pl\/index.php?rest_route=\/wp\/v2\/posts\/23956\/revisions"}],"predecessor-version":[{"id":23958,"href":"https:\/\/sp7oswiecim.edu.pl\/index.php?rest_route=\/wp\/v2\/posts\/23956\/revisions\/23958"}],"wp:attachment":[{"href":"https:\/\/sp7oswiecim.edu.pl\/index.php?rest_route=%2Fwp%2Fv2%2Fmedia&parent=23956"}],"wp:term":[{"taxonomy":"category","embeddable":true,"href":"https:\/\/sp7oswiecim.edu.pl\/index.php?rest_route=%2Fwp%2Fv2%2Fcategories&post=23956"},{"taxonomy":"post_tag","embeddable":true,"href":"https:\/\/sp7oswiecim.edu.pl\/index.php?rest_route=%2Fwp%2Fv2%2Ftags&post=23956"}],"curies":[{"name":"wp","href":"https:\/\/api.w.org\/{rel}","templated":true}]}}