{"id":23811,"date":"2026-01-21T11:09:11","date_gmt":"2026-01-21T11:09:11","guid":{"rendered":"https:\/\/sp7oswiecim.edu.pl\/?p=23811"},"modified":"2026-01-21T11:09:57","modified_gmt":"2026-01-21T11:09:57","slug":"23811","status":"publish","type":"post","link":"https:\/\/sp7oswiecim.edu.pl\/?p=23811","title":{"rendered":"NO PROMIL NO PROBLEM"},"content":{"rendered":"<p>W bie\u017c\u0105cym roku szkolnym, wzorem lat ubieg\u0142ych,\u00a0 w naszej szkole realizowana jest kampania spo\u0142eczna \u201eNo promil \u2013 no problem\u201d, kt\u00f3rej celami s\u0105:<\/p>\n<p>\u2013 zmniejszenie liczby kierowc\u00f3w je\u017cd\u017c\u0105cych pod wp\u0142ywem \u015brodk\u00f3w psychoaktywnych (alkohol, narkotyki, dopalacze),<\/p>\n<p>&#8211; wzbudzenie refleksji u aktualnych kierowc\u00f3w,<\/p>\n<p>&#8211; dostarczenie (upowszechnienie) wiedzy na temat sposob\u00f3w autokontroli stanu trze\u017awo\u015bci u kierowc\u00f3w,<\/p>\n<p>&#8211; kszta\u0142towanie krytycznej postawy mieszka\u0144c\u00f3w Ma\u0142opolski wobec nieodpowiedzialnego spo\u017cywania substancji psychoaktywnych.<\/p>\n<p>W ramach realizacji kampanii przewidziane s\u0105:<\/p>\n<p>&#8211; zaj\u0119cia profilaktyczne prowadzone podczas lekcji wychowawczych,<\/p>\n<p>&#8211; dzia\u0142ania edukacyjne i wychowawcze, maj\u0105ce na celu zwi\u0119kszenie \u015bwiadomo\u015bci uczni\u00f3w na temat konsekwencji si\u0119gania po alkohol oraz inne substancje psychoaktywne,<\/p>\n<p>&#8211; szkolenie m\u0142odzie\u017cowych lider\u00f3w,<\/p>\n<p>&#8211; r\u00f3\u017cnorodne akcje i inicjatywy szkolne, takie jak kampanie informacyjne, konkursy, warsztaty oraz dzia\u0142ania anga\u017cuj\u0105ce spo\u0142eczno\u015b\u0107 szkoln\u0105.<\/p>\n<p>Wi\u0119cej informacji na stronie internetowej:<\/p>\n<blockquote class=\"wp-embedded-content\" data-secret=\"5iC22NxxDu\"><p><a href=\"https:\/\/kamp2025.bezpromilowo.pl\/\">home<\/a><\/p><\/blockquote>\n<p><iframe loading=\"lazy\" class=\"wp-embedded-content\" sandbox=\"allow-scripts\" security=\"restricted\" style=\"position: absolute; visibility: hidden;\" title=\"&#8222;home&#8221; &#8212; kampania spo\u0142eczna NO PROMIL - NO PROBLEM\" src=\"https:\/\/kamp2025.bezpromilowo.pl\/embed\/#?secret=xiHEY5UWhJ#?secret=5iC22NxxDu\" data-secret=\"5iC22NxxDu\" width=\"600\" height=\"338\" frameborder=\"0\" marginwidth=\"0\" marginheight=\"0\" scrolling=\"no\"><\/iframe><\/p>\n<p style=\"text-align: center;\"><img loading=\"lazy\" decoding=\"async\" class=\"aligncenter size-large wp-image-23812\" src=\"https:\/\/sp7oswiecim.edu.pl\/wp-content\/uploads\/2026\/01\/np25-plakat_page-0001-1756128424-730x1024.jpg\" alt=\"\" width=\"730\" height=\"1024\" srcset=\"https:\/\/sp7oswiecim.edu.pl\/wp-content\/uploads\/2026\/01\/np25-plakat_page-0001-1756128424-730x1024.jpg 730w, https:\/\/sp7oswiecim.edu.pl\/wp-content\/uploads\/2026\/01\/np25-plakat_page-0001-1756128424-214x300.jpg 214w, https:\/\/sp7oswiecim.edu.pl\/wp-content\/uploads\/2026\/01\/np25-plakat_page-0001-1756128424-768x1077.jpg 768w, https:\/\/sp7oswiecim.edu.pl\/wp-content\/uploads\/2026\/01\/np25-plakat_page-0001-1756128424-1095x1536.jpg 1095w, https:\/\/sp7oswiecim.edu.pl\/wp-content\/uploads\/2026\/01\/np25-plakat_page-0001-1756128424-200x280.jpg 200w, https:\/\/sp7oswiecim.edu.pl\/wp-content\/uploads\/2026\/01\/np25-plakat_page-0001-1756128424-107x150.jpg 107w, https:\/\/sp7oswiecim.edu.pl\/wp-content\/uploads\/2026\/01\/np25-plakat_page-0001-1756128424.jpg 1278w\" sizes=\"auto, (max-width: 730px) 100vw, 730px\" \/><\/p>\n","protected":false},"excerpt":{"rendered":"<p>W bie\u017c\u0105cym roku szkolnym, wzorem lat ubieg\u0142ych,\u00a0 w naszej szkole realizowana jest kampania spo\u0142eczna \u201eNo promil \u2013 no problem\u201d, kt\u00f3rej celami s\u0105: \u2013 zmniejszenie liczby kierowc\u00f3w je\u017cd\u017c\u0105cych pod wp\u0142ywem \u015brodk\u00f3w psychoaktywnych (alkohol, narkotyki, dopalacze), &#8211; wzbudzenie refleksji u aktualnych kierowc\u00f3w, &#8211; dostarczenie (upowszechnienie) wiedzy na temat sposob\u00f3w autokontroli stanu trze\u017awo\u015bci&#8230;<\/p>\n<p class=\"continue-reading-button\"> <a class=\"continue-reading-link\" href=\"https:\/\/sp7oswiecim.edu.pl\/?p=23811\">Czytaj dalej<i class=\"crycon-right-dir\"><\/i><\/a><\/p>\n","protected":false},"author":1,"featured_media":0,"comment_status":"closed","ping_status":"closed","sticky":false,"template":"","format":"standard","meta":{"footnotes":""},"categories":[4,14],"tags":[],"class_list":["post-23811","post","type-post","status-publish","format-standard","hentry","category-aktualnosci","category-profilaktyka"],"_links":{"self":[{"href":"https:\/\/sp7oswiecim.edu.pl\/index.php?rest_route=\/wp\/v2\/posts\/23811","targetHints":{"allow":["GET"]}}],"collection":[{"href":"https:\/\/sp7oswiecim.edu.pl\/index.php?rest_route=\/wp\/v2\/posts"}],"about":[{"href":"https:\/\/sp7oswiecim.edu.pl\/index.php?rest_route=\/wp\/v2\/types\/post"}],"author":[{"embeddable":true,"href":"https:\/\/sp7oswiecim.edu.pl\/index.php?rest_route=\/wp\/v2\/users\/1"}],"replies":[{"embeddable":true,"href":"https:\/\/sp7oswiecim.edu.pl\/index.php?rest_route=%2Fwp%2Fv2%2Fcomments&post=23811"}],"version-history":[{"count":2,"href":"https:\/\/sp7oswiecim.edu.pl\/index.php?rest_route=\/wp\/v2\/posts\/23811\/revisions"}],"predecessor-version":[{"id":23814,"href":"https:\/\/sp7oswiecim.edu.pl\/index.php?rest_route=\/wp\/v2\/posts\/23811\/revisions\/23814"}],"wp:attachment":[{"href":"https:\/\/sp7oswiecim.edu.pl\/index.php?rest_route=%2Fwp%2Fv2%2Fmedia&parent=23811"}],"wp:term":[{"taxonomy":"category","embeddable":true,"href":"https:\/\/sp7oswiecim.edu.pl\/index.php?rest_route=%2Fwp%2Fv2%2Fcategories&post=23811"},{"taxonomy":"post_tag","embeddable":true,"href":"https:\/\/sp7oswiecim.edu.pl\/index.php?rest_route=%2Fwp%2Fv2%2Ftags&post=23811"}],"curies":[{"name":"wp","href":"https:\/\/api.w.org\/{rel}","templated":true}]}}