{"id":23785,"date":"2026-01-16T09:50:30","date_gmt":"2026-01-16T09:50:30","guid":{"rendered":"https:\/\/sp7oswiecim.edu.pl\/?p=23785"},"modified":"2026-01-16T09:50:30","modified_gmt":"2026-01-16T09:50:30","slug":"razem-sie-udalo-dziekujemy","status":"publish","type":"post","link":"https:\/\/sp7oswiecim.edu.pl\/?p=23785","title":{"rendered":"Razem si\u0119 uda\u0142o! Dzi\u0119kujemy!"},"content":{"rendered":"<p>Z ogromn\u0105 rado\u015bci\u0105 informujemy, \u017ce po zako\u0144czeniu Miko\u0142ajkowego Jarmarku Charytatywnego i <strong>zsumowaniu wszystkich wp\u0142at \u2013 r\u00f3wnie\u017c tych, na kt\u00f3re jeszcze chwil\u0119 czekali\u015bmy \u2013 uda\u0142o si\u0119 zebra\u0107 8 681,74 z\u0142<\/strong>. Ca\u0142a kwota zosta\u0142a przekazana <strong>Radzie Rodzic\u00f3w<\/strong>.<\/p>\n<p>Zebrane \u015brodki zostan\u0105 przeznaczone przede wszystkim na <strong>zakup defibrylatora AED<\/strong>, kt\u00f3ry zwi\u0119kszy bezpiecze\u0144stwo uczni\u00f3w, pracownik\u00f3w szko\u0142y oraz lokalnej spo\u0142eczno\u015bci. Pozosta\u0142a cz\u0119\u015b\u0107 funduszy zostanie wykorzystana na <strong>bie\u017c\u0105ce potrzeby szko\u0142y<\/strong>, zwi\u0105zane z codziennym funkcjonowaniem i zapewnieniem jak najlepszych warunk\u00f3w dla uczni\u00f3w.<\/p>\n<p>Z ca\u0142ego serca dzi\u0119kujemy wszystkim, kt\u00f3rzy przyczynili si\u0119 do sukcesu tego wydarzenia: uczniom, rodzicom, nauczycielom, pracownikom szko\u0142y, sponsorom, darczy\u0144com oraz wszystkim osobom zaanga\u017cowanym w organizacj\u0119 jarmarku. Dzi\u0119ki Waszej energii, \u017cyczliwo\u015bci i ogromnym sercom pokazali\u015bmy, \u017ce <strong>razem mo\u017cemy naprawd\u0119 wiele<\/strong>!<\/p>\n<p>Dzi\u0119kujemy za wsparcie, u\u015bmiech i ch\u0119\u0107 niesienia pomocy.<br \/>\nTo by\u0142 pi\u0119kny przyk\u0142ad wsp\u00f3\u0142pracy ca\u0142ej spo\u0142eczno\u015bci szkolnej!<\/p>\n<p><strong>Spo\u0142eczno\u015b\u0107 Szko\u0142y Podstawowej nr 7 w O\u015bwi\u0119cimiu<\/strong><\/p>\n","protected":false},"excerpt":{"rendered":"<p>Z ogromn\u0105 rado\u015bci\u0105 informujemy, \u017ce po zako\u0144czeniu Miko\u0142ajkowego Jarmarku Charytatywnego i zsumowaniu wszystkich wp\u0142at \u2013 r\u00f3wnie\u017c tych, na kt\u00f3re jeszcze chwil\u0119 czekali\u015bmy \u2013 uda\u0142o si\u0119 zebra\u0107 8 681,74 z\u0142. Ca\u0142a kwota zosta\u0142a przekazana Radzie Rodzic\u00f3w. Zebrane \u015brodki zostan\u0105 przeznaczone przede wszystkim na zakup defibrylatora AED, kt\u00f3ry zwi\u0119kszy bezpiecze\u0144stwo uczni\u00f3w, pracownik\u00f3w&#8230;<\/p>\n<p class=\"continue-reading-button\"> <a class=\"continue-reading-link\" href=\"https:\/\/sp7oswiecim.edu.pl\/?p=23785\">Czytaj dalej<i class=\"crycon-right-dir\"><\/i><\/a><\/p>\n","protected":false},"author":1,"featured_media":0,"comment_status":"closed","ping_status":"closed","sticky":false,"template":"","format":"standard","meta":{"footnotes":""},"categories":[4],"tags":[],"class_list":["post-23785","post","type-post","status-publish","format-standard","hentry","category-aktualnosci"],"_links":{"self":[{"href":"https:\/\/sp7oswiecim.edu.pl\/index.php?rest_route=\/wp\/v2\/posts\/23785","targetHints":{"allow":["GET"]}}],"collection":[{"href":"https:\/\/sp7oswiecim.edu.pl\/index.php?rest_route=\/wp\/v2\/posts"}],"about":[{"href":"https:\/\/sp7oswiecim.edu.pl\/index.php?rest_route=\/wp\/v2\/types\/post"}],"author":[{"embeddable":true,"href":"https:\/\/sp7oswiecim.edu.pl\/index.php?rest_route=\/wp\/v2\/users\/1"}],"replies":[{"embeddable":true,"href":"https:\/\/sp7oswiecim.edu.pl\/index.php?rest_route=%2Fwp%2Fv2%2Fcomments&post=23785"}],"version-history":[{"count":1,"href":"https:\/\/sp7oswiecim.edu.pl\/index.php?rest_route=\/wp\/v2\/posts\/23785\/revisions"}],"predecessor-version":[{"id":23786,"href":"https:\/\/sp7oswiecim.edu.pl\/index.php?rest_route=\/wp\/v2\/posts\/23785\/revisions\/23786"}],"wp:attachment":[{"href":"https:\/\/sp7oswiecim.edu.pl\/index.php?rest_route=%2Fwp%2Fv2%2Fmedia&parent=23785"}],"wp:term":[{"taxonomy":"category","embeddable":true,"href":"https:\/\/sp7oswiecim.edu.pl\/index.php?rest_route=%2Fwp%2Fv2%2Fcategories&post=23785"},{"taxonomy":"post_tag","embeddable":true,"href":"https:\/\/sp7oswiecim.edu.pl\/index.php?rest_route=%2Fwp%2Fv2%2Ftags&post=23785"}],"curies":[{"name":"wp","href":"https:\/\/api.w.org\/{rel}","templated":true}]}}