{"id":23773,"date":"2026-01-12T07:24:49","date_gmt":"2026-01-12T07:24:49","guid":{"rendered":"https:\/\/sp7oswiecim.edu.pl\/?p=23773"},"modified":"2026-01-12T07:24:49","modified_gmt":"2026-01-12T07:24:49","slug":"23773","status":"publish","type":"post","link":"https:\/\/sp7oswiecim.edu.pl\/?p=23773","title":{"rendered":""},"content":{"rendered":"<p>Klasa 3a rozpocz\u0119\u0142a Nowy Rok wycieczk\u0105 do Krakowa\ud83d\udca1Uczniowie odwiedzili centrum WOMAI &#8211; World Of My All Inspirations, czyli \u015bwiat wszystkich moich inspiracji \u2013 miejsce zach\u0119caj\u0105ce do patrzenia na rzeczywisto\u015b\u0107 z r\u00f3\u017cnych, cz\u0119sto pomijanych na co dzie\u0144 perspektyw. Uczniowie mogli pozna\u0107 \u015bwiat z perspektywy os\u00f3b niewidomych, jak r\u00f3wnie\u017c zag\u0142\u0119bi\u0107 si\u0119 w luminescencji<\/p>\n\n\t\t<style type=\"text\/css\">\n\t\t\t#gallery-1 {\n\t\t\t\tmargin: auto;\n\t\t\t}\n\t\t\t#gallery-1 .gallery-item {\n\t\t\t\tfloat: left;\n\t\t\t\tmargin-top: 10px;\n\t\t\t\ttext-align: center;\n\t\t\t\twidth: 20%;\n\t\t\t}\n\t\t\t#gallery-1 img {\n\t\t\t\tborder: 2px solid #cfcfcf;\n\t\t\t}\n\t\t\t#gallery-1 .gallery-caption {\n\t\t\t\tmargin-left: 0;\n\t\t\t}\n\t\t\t\/* see gallery_shortcode() in wp-includes\/media.php *\/\n\t\t<\/style>\n\t\t<div id='gallery-1' class='gallery galleryid-23773 gallery-columns-5 gallery-size-thumbnail'><dl class='gallery-item'>\n\t\t\t<dt class='gallery-icon landscape'>\n\t\t\t\t<a href='https:\/\/sp7oswiecim.edu.pl\/?attachment_id=23774'><img loading=\"lazy\" decoding=\"async\" width=\"150\" height=\"150\" src=\"https:\/\/sp7oswiecim.edu.pl\/wp-content\/uploads\/2026\/01\/20260108-071431-150x150.jpg\" class=\"attachment-thumbnail size-thumbnail\" alt=\"\" \/><\/a>\n\t\t\t<\/dt><\/dl><dl class='gallery-item'>\n\t\t\t<dt class='gallery-icon landscape'>\n\t\t\t\t<a href='https:\/\/sp7oswiecim.edu.pl\/?attachment_id=23775'><img loading=\"lazy\" decoding=\"async\" width=\"150\" height=\"150\" src=\"https:\/\/sp7oswiecim.edu.pl\/wp-content\/uploads\/2026\/01\/20260108-071452-150x150.jpg\" class=\"attachment-thumbnail size-thumbnail\" alt=\"\" \/><\/a>\n\t\t\t<\/dt><\/dl><dl class='gallery-item'>\n\t\t\t<dt class='gallery-icon landscape'>\n\t\t\t\t<a href='https:\/\/sp7oswiecim.edu.pl\/?attachment_id=23776'><img loading=\"lazy\" decoding=\"async\" width=\"150\" height=\"150\" src=\"https:\/\/sp7oswiecim.edu.pl\/wp-content\/uploads\/2026\/01\/20260108-102524-150x150.jpg\" class=\"attachment-thumbnail size-thumbnail\" alt=\"\" \/><\/a>\n\t\t\t<\/dt><\/dl><dl class='gallery-item'>\n\t\t\t<dt class='gallery-icon landscape'>\n\t\t\t\t<a href='https:\/\/sp7oswiecim.edu.pl\/?attachment_id=23777'><img loading=\"lazy\" decoding=\"async\" width=\"150\" height=\"150\" src=\"https:\/\/sp7oswiecim.edu.pl\/wp-content\/uploads\/2026\/01\/20260108-102534-150x150.jpg\" class=\"attachment-thumbnail size-thumbnail\" alt=\"\" \/><\/a>\n\t\t\t<\/dt><\/dl><dl class='gallery-item'>\n\t\t\t<dt class='gallery-icon portrait'>\n\t\t\t\t<a href='https:\/\/sp7oswiecim.edu.pl\/?attachment_id=23778'><img loading=\"lazy\" decoding=\"async\" width=\"150\" height=\"150\" src=\"https:\/\/sp7oswiecim.edu.pl\/wp-content\/uploads\/2026\/01\/20260108-104542-150x150.jpg\" class=\"attachment-thumbnail size-thumbnail\" alt=\"\" \/><\/a>\n\t\t\t<\/dt><\/dl><br style=\"clear: both\" \/><dl class='gallery-item'>\n\t\t\t<dt class='gallery-icon portrait'>\n\t\t\t\t<a href='https:\/\/sp7oswiecim.edu.pl\/?attachment_id=23779'><img loading=\"lazy\" decoding=\"async\" width=\"150\" height=\"150\" src=\"https:\/\/sp7oswiecim.edu.pl\/wp-content\/uploads\/2026\/01\/20260108-113519-150x150.jpg\" class=\"attachment-thumbnail size-thumbnail\" alt=\"\" \/><\/a>\n\t\t\t<\/dt><\/dl><dl class='gallery-item'>\n\t\t\t<dt class='gallery-icon portrait'>\n\t\t\t\t<a href='https:\/\/sp7oswiecim.edu.pl\/?attachment_id=23780'><img loading=\"lazy\" decoding=\"async\" width=\"150\" height=\"150\" src=\"https:\/\/sp7oswiecim.edu.pl\/wp-content\/uploads\/2026\/01\/20260108-114112-150x150.jpg\" class=\"attachment-thumbnail size-thumbnail\" alt=\"\" \/><\/a>\n\t\t\t<\/dt><\/dl><dl class='gallery-item'>\n\t\t\t<dt class='gallery-icon portrait'>\n\t\t\t\t<a href='https:\/\/sp7oswiecim.edu.pl\/?attachment_id=23781'><img loading=\"lazy\" decoding=\"async\" width=\"150\" height=\"150\" src=\"https:\/\/sp7oswiecim.edu.pl\/wp-content\/uploads\/2026\/01\/20260108-115831-150x150.jpg\" class=\"attachment-thumbnail size-thumbnail\" alt=\"\" \/><\/a>\n\t\t\t<\/dt><\/dl><dl class='gallery-item'>\n\t\t\t<dt class='gallery-icon portrait'>\n\t\t\t\t<a href='https:\/\/sp7oswiecim.edu.pl\/?attachment_id=23782'><img loading=\"lazy\" decoding=\"async\" width=\"150\" height=\"150\" src=\"https:\/\/sp7oswiecim.edu.pl\/wp-content\/uploads\/2026\/01\/20260108-120834-150x150.jpg\" class=\"attachment-thumbnail size-thumbnail\" alt=\"\" \/><\/a>\n\t\t\t<\/dt><\/dl><dl class='gallery-item'>\n\t\t\t<dt class='gallery-icon portrait'>\n\t\t\t\t<a href='https:\/\/sp7oswiecim.edu.pl\/?attachment_id=23783'><img loading=\"lazy\" decoding=\"async\" width=\"150\" height=\"150\" src=\"https:\/\/sp7oswiecim.edu.pl\/wp-content\/uploads\/2026\/01\/20260108-121518-150x150.jpg\" class=\"attachment-thumbnail size-thumbnail\" alt=\"\" \/><\/a>\n\t\t\t<\/dt><\/dl><br style=\"clear: both\" \/>\n\t\t<\/div>\n\n","protected":false},"excerpt":{"rendered":"<p>Klasa 3a rozpocz\u0119\u0142a Nowy Rok wycieczk\u0105 do Krakowa\ud83d\udca1Uczniowie odwiedzili centrum WOMAI &#8211; World Of My All Inspirations, czyli \u015bwiat wszystkich moich inspiracji \u2013 miejsce zach\u0119caj\u0105ce do patrzenia na rzeczywisto\u015b\u0107 z r\u00f3\u017cnych, cz\u0119sto pomijanych na co dzie\u0144 perspektyw. Uczniowie mogli pozna\u0107 \u015bwiat z perspektywy os\u00f3b niewidomych, jak r\u00f3wnie\u017c zag\u0142\u0119bi\u0107 si\u0119 w&#8230;<\/p>\n<p class=\"continue-reading-button\"> <a class=\"continue-reading-link\" href=\"https:\/\/sp7oswiecim.edu.pl\/?p=23773\">Czytaj dalej<i class=\"crycon-right-dir\"><\/i><\/a><\/p>\n","protected":false},"author":1,"featured_media":0,"comment_status":"closed","ping_status":"closed","sticky":false,"template":"","format":"standard","meta":{"footnotes":""},"categories":[4],"tags":[],"class_list":["post-23773","post","type-post","status-publish","format-standard","hentry","category-aktualnosci"],"_links":{"self":[{"href":"https:\/\/sp7oswiecim.edu.pl\/index.php?rest_route=\/wp\/v2\/posts\/23773","targetHints":{"allow":["GET"]}}],"collection":[{"href":"https:\/\/sp7oswiecim.edu.pl\/index.php?rest_route=\/wp\/v2\/posts"}],"about":[{"href":"https:\/\/sp7oswiecim.edu.pl\/index.php?rest_route=\/wp\/v2\/types\/post"}],"author":[{"embeddable":true,"href":"https:\/\/sp7oswiecim.edu.pl\/index.php?rest_route=\/wp\/v2\/users\/1"}],"replies":[{"embeddable":true,"href":"https:\/\/sp7oswiecim.edu.pl\/index.php?rest_route=%2Fwp%2Fv2%2Fcomments&post=23773"}],"version-history":[{"count":1,"href":"https:\/\/sp7oswiecim.edu.pl\/index.php?rest_route=\/wp\/v2\/posts\/23773\/revisions"}],"predecessor-version":[{"id":23784,"href":"https:\/\/sp7oswiecim.edu.pl\/index.php?rest_route=\/wp\/v2\/posts\/23773\/revisions\/23784"}],"wp:attachment":[{"href":"https:\/\/sp7oswiecim.edu.pl\/index.php?rest_route=%2Fwp%2Fv2%2Fmedia&parent=23773"}],"wp:term":[{"taxonomy":"category","embeddable":true,"href":"https:\/\/sp7oswiecim.edu.pl\/index.php?rest_route=%2Fwp%2Fv2%2Fcategories&post=23773"},{"taxonomy":"post_tag","embeddable":true,"href":"https:\/\/sp7oswiecim.edu.pl\/index.php?rest_route=%2Fwp%2Fv2%2Ftags&post=23773"}],"curies":[{"name":"wp","href":"https:\/\/api.w.org\/{rel}","templated":true}]}}