{"id":23748,"date":"2025-12-22T07:36:06","date_gmt":"2025-12-22T07:36:06","guid":{"rendered":"https:\/\/sp7oswiecim.edu.pl\/?p=23748"},"modified":"2025-12-22T07:36:06","modified_gmt":"2025-12-22T07:36:06","slug":"23748","status":"publish","type":"post","link":"https:\/\/sp7oswiecim.edu.pl\/?p=23748","title":{"rendered":""},"content":{"rendered":"<div dir=\"auto\">W przed\u015bwi\u0105tecznej atmosferze odby\u0142o si\u0119 wyj\u0105tkowe spotkanie klasy VIIIA &#8211; ostatnie wsp\u00f3lne \u015bwi\u0119towanie w murach naszej szko\u0142y. By\u0142 to czas pe\u0142en wzrusze\u0144, wspomnie\u0144 i serdecznych rozm\u00f3w, a tak\u017ce refleksji nad drog\u0105, kt\u00f3r\u0105 uczniowie przeszli przez lata nauki. Spotkanie sta\u0142o si\u0119 pi\u0119knym podsumowaniem szkolnych do\u015bwiadcze\u0144 oraz symbolicznym po\u017cegnaniem z wa\u017cnym rozdzia\u0142em ich \u017cycia.<\/div>\n<div dir=\"auto\" style=\"text-align: center;\">\n\n\t\t<style type=\"text\/css\">\n\t\t\t#gallery-1 {\n\t\t\t\tmargin: auto;\n\t\t\t}\n\t\t\t#gallery-1 .gallery-item {\n\t\t\t\tfloat: left;\n\t\t\t\tmargin-top: 10px;\n\t\t\t\ttext-align: center;\n\t\t\t\twidth: 20%;\n\t\t\t}\n\t\t\t#gallery-1 img {\n\t\t\t\tborder: 2px solid #cfcfcf;\n\t\t\t}\n\t\t\t#gallery-1 .gallery-caption {\n\t\t\t\tmargin-left: 0;\n\t\t\t}\n\t\t\t\/* see gallery_shortcode() in wp-includes\/media.php *\/\n\t\t<\/style>\n\t\t<div id='gallery-1' class='gallery galleryid-23748 gallery-columns-5 gallery-size-thumbnail'><dl class='gallery-item'>\n\t\t\t<dt class='gallery-icon landscape'>\n\t\t\t\t<a href='https:\/\/sp7oswiecim.edu.pl\/?attachment_id=23749'><img loading=\"lazy\" decoding=\"async\" width=\"150\" height=\"150\" src=\"https:\/\/sp7oswiecim.edu.pl\/wp-content\/uploads\/2025\/12\/att.ckllp4ThyzajbNYqCVDXY1WqCeMKxXeg_tBrO2t-hHM-150x150.jpeg\" class=\"attachment-thumbnail size-thumbnail\" alt=\"\" \/><\/a>\n\t\t\t<\/dt><\/dl><dl class='gallery-item'>\n\t\t\t<dt class='gallery-icon landscape'>\n\t\t\t\t<a href='https:\/\/sp7oswiecim.edu.pl\/?attachment_id=23750'><img loading=\"lazy\" decoding=\"async\" width=\"150\" height=\"150\" src=\"https:\/\/sp7oswiecim.edu.pl\/wp-content\/uploads\/2025\/12\/att.hf6rvp10k_GY0oezvS72oaaQGzVA2TCrrjL_9016w8E-150x150.jpeg\" class=\"attachment-thumbnail size-thumbnail\" alt=\"\" \/><\/a>\n\t\t\t<\/dt><\/dl><dl class='gallery-item'>\n\t\t\t<dt class='gallery-icon landscape'>\n\t\t\t\t<a href='https:\/\/sp7oswiecim.edu.pl\/?attachment_id=23751'><img loading=\"lazy\" decoding=\"async\" width=\"150\" height=\"150\" src=\"https:\/\/sp7oswiecim.edu.pl\/wp-content\/uploads\/2025\/12\/att.phzjshFPYo3bR0bMXfNqZxqRu6H_c1upUAWxSqPiXms-150x150.jpeg\" class=\"attachment-thumbnail size-thumbnail\" alt=\"\" \/><\/a>\n\t\t\t<\/dt><\/dl><dl class='gallery-item'>\n\t\t\t<dt class='gallery-icon landscape'>\n\t\t\t\t<a href='https:\/\/sp7oswiecim.edu.pl\/?attachment_id=23752'><img loading=\"lazy\" decoding=\"async\" width=\"150\" height=\"150\" src=\"https:\/\/sp7oswiecim.edu.pl\/wp-content\/uploads\/2025\/12\/att.Up5Wy3C9fv-Ca4nzXvlVQOzh4aOCh0lJ48qzSQexVRQ-150x150.jpeg\" class=\"attachment-thumbnail size-thumbnail\" alt=\"\" \/><\/a>\n\t\t\t<\/dt><\/dl><dl class='gallery-item'>\n\t\t\t<dt class='gallery-icon portrait'>\n\t\t\t\t<a href='https:\/\/sp7oswiecim.edu.pl\/?attachment_id=23753'><img loading=\"lazy\" decoding=\"async\" width=\"150\" height=\"150\" src=\"https:\/\/sp7oswiecim.edu.pl\/wp-content\/uploads\/2025\/12\/B43728BF-D4EC-4DC9-9576-9FBE3444873E-150x150.jpeg\" class=\"attachment-thumbnail size-thumbnail\" alt=\"\" \/><\/a>\n\t\t\t<\/dt><\/dl><br style=\"clear: both\" \/>\n\t\t<\/div>\n\n<\/div>\n","protected":false},"excerpt":{"rendered":"<p>W przed\u015bwi\u0105tecznej atmosferze odby\u0142o si\u0119 wyj\u0105tkowe spotkanie klasy VIIIA &#8211; ostatnie wsp\u00f3lne \u015bwi\u0119towanie w murach naszej szko\u0142y. By\u0142 to czas pe\u0142en wzrusze\u0144, wspomnie\u0144 i serdecznych rozm\u00f3w, a tak\u017ce refleksji nad drog\u0105, kt\u00f3r\u0105 uczniowie przeszli przez lata nauki. Spotkanie sta\u0142o si\u0119 pi\u0119knym podsumowaniem szkolnych do\u015bwiadcze\u0144 oraz symbolicznym po\u017cegnaniem z wa\u017cnym rozdzia\u0142em&#8230;<\/p>\n<p class=\"continue-reading-button\"> <a class=\"continue-reading-link\" href=\"https:\/\/sp7oswiecim.edu.pl\/?p=23748\">Czytaj dalej<i class=\"crycon-right-dir\"><\/i><\/a><\/p>\n","protected":false},"author":1,"featured_media":0,"comment_status":"closed","ping_status":"closed","sticky":false,"template":"","format":"standard","meta":{"footnotes":""},"categories":[4],"tags":[],"class_list":["post-23748","post","type-post","status-publish","format-standard","hentry","category-aktualnosci"],"_links":{"self":[{"href":"https:\/\/sp7oswiecim.edu.pl\/index.php?rest_route=\/wp\/v2\/posts\/23748","targetHints":{"allow":["GET"]}}],"collection":[{"href":"https:\/\/sp7oswiecim.edu.pl\/index.php?rest_route=\/wp\/v2\/posts"}],"about":[{"href":"https:\/\/sp7oswiecim.edu.pl\/index.php?rest_route=\/wp\/v2\/types\/post"}],"author":[{"embeddable":true,"href":"https:\/\/sp7oswiecim.edu.pl\/index.php?rest_route=\/wp\/v2\/users\/1"}],"replies":[{"embeddable":true,"href":"https:\/\/sp7oswiecim.edu.pl\/index.php?rest_route=%2Fwp%2Fv2%2Fcomments&post=23748"}],"version-history":[{"count":1,"href":"https:\/\/sp7oswiecim.edu.pl\/index.php?rest_route=\/wp\/v2\/posts\/23748\/revisions"}],"predecessor-version":[{"id":23754,"href":"https:\/\/sp7oswiecim.edu.pl\/index.php?rest_route=\/wp\/v2\/posts\/23748\/revisions\/23754"}],"wp:attachment":[{"href":"https:\/\/sp7oswiecim.edu.pl\/index.php?rest_route=%2Fwp%2Fv2%2Fmedia&parent=23748"}],"wp:term":[{"taxonomy":"category","embeddable":true,"href":"https:\/\/sp7oswiecim.edu.pl\/index.php?rest_route=%2Fwp%2Fv2%2Fcategories&post=23748"},{"taxonomy":"post_tag","embeddable":true,"href":"https:\/\/sp7oswiecim.edu.pl\/index.php?rest_route=%2Fwp%2Fv2%2Ftags&post=23748"}],"curies":[{"name":"wp","href":"https:\/\/api.w.org\/{rel}","templated":true}]}}