{"id":23744,"date":"2025-12-22T07:27:10","date_gmt":"2025-12-22T07:27:10","guid":{"rendered":"https:\/\/sp7oswiecim.edu.pl\/?p=23744"},"modified":"2025-12-22T07:27:10","modified_gmt":"2025-12-22T07:27:10","slug":"wesolych-swiat-4","status":"publish","type":"post","link":"https:\/\/sp7oswiecim.edu.pl\/?p=23744","title":{"rendered":"Weso\u0142ych \u015awi\u0105t!"},"content":{"rendered":"<p style=\"text-align: center;\"><img loading=\"lazy\" decoding=\"async\" class=\"aligncenter wp-image-23745 size-large\" src=\"https:\/\/sp7oswiecim.edu.pl\/wp-content\/uploads\/2025\/12\/Red-and-Green-Traditional-Christmas-Party-Invitation-1-1024x731.jpg\" alt=\"\" width=\"900\" height=\"642\" srcset=\"https:\/\/sp7oswiecim.edu.pl\/wp-content\/uploads\/2025\/12\/Red-and-Green-Traditional-Christmas-Party-Invitation-1-1024x731.jpg 1024w, https:\/\/sp7oswiecim.edu.pl\/wp-content\/uploads\/2025\/12\/Red-and-Green-Traditional-Christmas-Party-Invitation-1-300x214.jpg 300w, https:\/\/sp7oswiecim.edu.pl\/wp-content\/uploads\/2025\/12\/Red-and-Green-Traditional-Christmas-Party-Invitation-1-768x549.jpg 768w, https:\/\/sp7oswiecim.edu.pl\/wp-content\/uploads\/2025\/12\/Red-and-Green-Traditional-Christmas-Party-Invitation-1-1536x1097.jpg 1536w, https:\/\/sp7oswiecim.edu.pl\/wp-content\/uploads\/2025\/12\/Red-and-Green-Traditional-Christmas-Party-Invitation-1-2048x1463.jpg 2048w, https:\/\/sp7oswiecim.edu.pl\/wp-content\/uploads\/2025\/12\/Red-and-Green-Traditional-Christmas-Party-Invitation-1-200x143.jpg 200w, https:\/\/sp7oswiecim.edu.pl\/wp-content\/uploads\/2025\/12\/Red-and-Green-Traditional-Christmas-Party-Invitation-1-150x107.jpg 150w\" sizes=\"auto, (max-width: 900px) 100vw, 900px\" \/><\/p>\n","protected":false},"excerpt":{"rendered":"<p class=\"continue-reading-button\"> <a class=\"continue-reading-link\" href=\"https:\/\/sp7oswiecim.edu.pl\/?p=23744\">Czytaj dalej<i class=\"crycon-right-dir\"><\/i><\/a><\/p>\n","protected":false},"author":1,"featured_media":0,"comment_status":"closed","ping_status":"closed","sticky":false,"template":"","format":"standard","meta":{"footnotes":""},"categories":[4],"tags":[],"class_list":["post-23744","post","type-post","status-publish","format-standard","hentry","category-aktualnosci"],"_links":{"self":[{"href":"https:\/\/sp7oswiecim.edu.pl\/index.php?rest_route=\/wp\/v2\/posts\/23744","targetHints":{"allow":["GET"]}}],"collection":[{"href":"https:\/\/sp7oswiecim.edu.pl\/index.php?rest_route=\/wp\/v2\/posts"}],"about":[{"href":"https:\/\/sp7oswiecim.edu.pl\/index.php?rest_route=\/wp\/v2\/types\/post"}],"author":[{"embeddable":true,"href":"https:\/\/sp7oswiecim.edu.pl\/index.php?rest_route=\/wp\/v2\/users\/1"}],"replies":[{"embeddable":true,"href":"https:\/\/sp7oswiecim.edu.pl\/index.php?rest_route=%2Fwp%2Fv2%2Fcomments&post=23744"}],"version-history":[{"count":1,"href":"https:\/\/sp7oswiecim.edu.pl\/index.php?rest_route=\/wp\/v2\/posts\/23744\/revisions"}],"predecessor-version":[{"id":23746,"href":"https:\/\/sp7oswiecim.edu.pl\/index.php?rest_route=\/wp\/v2\/posts\/23744\/revisions\/23746"}],"wp:attachment":[{"href":"https:\/\/sp7oswiecim.edu.pl\/index.php?rest_route=%2Fwp%2Fv2%2Fmedia&parent=23744"}],"wp:term":[{"taxonomy":"category","embeddable":true,"href":"https:\/\/sp7oswiecim.edu.pl\/index.php?rest_route=%2Fwp%2Fv2%2Fcategories&post=23744"},{"taxonomy":"post_tag","embeddable":true,"href":"https:\/\/sp7oswiecim.edu.pl\/index.php?rest_route=%2Fwp%2Fv2%2Ftags&post=23744"}],"curies":[{"name":"wp","href":"https:\/\/api.w.org\/{rel}","templated":true}]}}