{"id":1331,"date":"2014-05-08T14:21:10","date_gmt":"2014-05-08T12:21:10","guid":{"rendered":"https:\/\/sp7oswiecim.edu.pl\/?p=1331"},"modified":"2014-05-08T14:21:10","modified_gmt":"2014-05-08T12:21:10","slug":"swietna-forma-naszych-strzelcow","status":"publish","type":"post","link":"https:\/\/sp7oswiecim.edu.pl\/?p=1331","title":{"rendered":"Kolejne zwyci\u0119stwo uczni\u00f3w trenuj\u0105cych strzelectwo sportowe"},"content":{"rendered":"<p>Reprezentacja naszej szko\u0142y w sk\u0142adzie:<\/p>\n<p><strong>1. Edyta Walerowicz<\/strong><\/p>\n<p><strong>2. Pawe\u0142 Pawlik<\/strong><\/p>\n<p><strong>3. Adrian \u017bak<\/strong><\/p>\n<p>wzi\u0119\u0142a udzia\u0142 w konkursie zorganizowanym przez Powiatowy Zesp\u00f3\u0142 Szk\u00f3\u0142 nr 5 w O\u015bwi\u0119cimiu \u201eBezpiecze\u0144stwo \u2013 jestem na TAK!\u201d\u00a0 pod Patronatem Starosty O\u015bwi\u0119cimskiego.<\/p>\n<p>Konkurs sk\u0142ada\u0142 si\u0119 z trzech etap\u00f3w \u2013 testu wiedzy z zakresu edukacji dla bezpiecze\u0144stwa, zawod\u00f3w strzeleckich i praktycznej konkurencji udzielania pierwszej pomocy przedmedycznej.<\/p>\n<p style=\"text-align: justify;\">Po pierwszych dw\u00f3ch konkurencjach stawka mi\u0119dzy dru\u017cynami by\u0142a wyr\u00f3wnana. Decydowa\u0142a ostatnia konkurencja\u2013 strzelanie. Tu odnie\u015bli\u015bmy zdecydowane zwyci\u0119stwo zdobywaj\u0105c w ca\u0142ych zawodach pierwsze miejsce oraz okaza\u0142y puchar.<\/p>\n\n\t\t<style type=\"text\/css\">\n\t\t\t#gallery-1 {\n\t\t\t\tmargin: auto;\n\t\t\t}\n\t\t\t#gallery-1 .gallery-item {\n\t\t\t\tfloat: left;\n\t\t\t\tmargin-top: 10px;\n\t\t\t\ttext-align: center;\n\t\t\t\twidth: 33%;\n\t\t\t}\n\t\t\t#gallery-1 img {\n\t\t\t\tborder: 2px solid #cfcfcf;\n\t\t\t}\n\t\t\t#gallery-1 .gallery-caption {\n\t\t\t\tmargin-left: 0;\n\t\t\t}\n\t\t\t\/* see gallery_shortcode() in wp-includes\/media.php *\/\n\t\t<\/style>\n\t\t<div id='gallery-1' class='gallery galleryid-1331 gallery-columns-3 gallery-size-thumbnail'><dl class='gallery-item'>\n\t\t\t<dt class='gallery-icon landscape'>\n\t\t\t\t<a href='https:\/\/sp7oswiecim.edu.pl\/?attachment_id=1333'><img loading=\"lazy\" decoding=\"async\" width=\"150\" height=\"150\" src=\"https:\/\/sp7oswiecim.edu.pl\/wp-content\/uploads\/2014\/05\/nagr-150x150.jpg\" class=\"attachment-thumbnail size-thumbnail\" alt=\"\" srcset=\"https:\/\/sp7oswiecim.edu.pl\/wp-content\/uploads\/2014\/05\/nagr-150x150.jpg 150w, https:\/\/sp7oswiecim.edu.pl\/wp-content\/uploads\/2014\/05\/nagr-100x100.jpg 100w\" sizes=\"auto, (max-width: 150px) 100vw, 150px\" \/><\/a>\n\t\t\t<\/dt><\/dl><dl class='gallery-item'>\n\t\t\t<dt class='gallery-icon landscape'>\n\t\t\t\t<a href='https:\/\/sp7oswiecim.edu.pl\/?attachment_id=1334'><img loading=\"lazy\" decoding=\"async\" width=\"150\" height=\"150\" src=\"https:\/\/sp7oswiecim.edu.pl\/wp-content\/uploads\/2014\/05\/nagr3-150x150.jpg\" class=\"attachment-thumbnail size-thumbnail\" alt=\"\" srcset=\"https:\/\/sp7oswiecim.edu.pl\/wp-content\/uploads\/2014\/05\/nagr3-150x150.jpg 150w, https:\/\/sp7oswiecim.edu.pl\/wp-content\/uploads\/2014\/05\/nagr3-100x100.jpg 100w\" sizes=\"auto, (max-width: 150px) 100vw, 150px\" \/><\/a>\n\t\t\t<\/dt><\/dl><dl class='gallery-item'>\n\t\t\t<dt class='gallery-icon landscape'>\n\t\t\t\t<a href='https:\/\/sp7oswiecim.edu.pl\/?attachment_id=1335'><img loading=\"lazy\" decoding=\"async\" width=\"150\" height=\"150\" src=\"https:\/\/sp7oswiecim.edu.pl\/wp-content\/uploads\/2014\/05\/strz-150x150.jpg\" class=\"attachment-thumbnail size-thumbnail\" alt=\"\" srcset=\"https:\/\/sp7oswiecim.edu.pl\/wp-content\/uploads\/2014\/05\/strz-150x150.jpg 150w, https:\/\/sp7oswiecim.edu.pl\/wp-content\/uploads\/2014\/05\/strz-100x100.jpg 100w\" sizes=\"auto, (max-width: 150px) 100vw, 150px\" \/><\/a>\n\t\t\t<\/dt><\/dl><br style=\"clear: both\" \/>\n\t\t<\/div>\n\n","protected":false},"excerpt":{"rendered":"<p>Reprezentacja naszej szko\u0142y w sk\u0142adzie: 1. Edyta Walerowicz 2. Pawe\u0142 Pawlik 3. Adrian \u017bak wzi\u0119\u0142a udzia\u0142 w konkursie zorganizowanym przez Powiatowy Zesp\u00f3\u0142 Szk\u00f3\u0142 nr 5 w O\u015bwi\u0119cimiu \u201eBezpiecze\u0144stwo \u2013 jestem na TAK!\u201d\u00a0 pod Patronatem Starosty O\u015bwi\u0119cimskiego. Konkurs sk\u0142ada\u0142 si\u0119 z trzech etap\u00f3w \u2013 testu wiedzy z zakresu edukacji dla bezpiecze\u0144stwa,&#8230;<\/p>\n<p class=\"continue-reading-button\"> <a class=\"continue-reading-link\" href=\"https:\/\/sp7oswiecim.edu.pl\/?p=1331\">Czytaj dalej<i class=\"crycon-right-dir\"><\/i><\/a><\/p>\n","protected":false},"author":2,"featured_media":1334,"comment_status":"closed","ping_status":"closed","sticky":false,"template":"","format":"standard","meta":{"footnotes":""},"categories":[4,18,1],"tags":[],"class_list":["post-1331","post","type-post","status-publish","format-standard","has-post-thumbnail","hentry","category-aktualnosci","category-sport-w-szkole","category-uncategorized"],"_links":{"self":[{"href":"https:\/\/sp7oswiecim.edu.pl\/index.php?rest_route=\/wp\/v2\/posts\/1331","targetHints":{"allow":["GET"]}}],"collection":[{"href":"https:\/\/sp7oswiecim.edu.pl\/index.php?rest_route=\/wp\/v2\/posts"}],"about":[{"href":"https:\/\/sp7oswiecim.edu.pl\/index.php?rest_route=\/wp\/v2\/types\/post"}],"author":[{"embeddable":true,"href":"https:\/\/sp7oswiecim.edu.pl\/index.php?rest_route=\/wp\/v2\/users\/2"}],"replies":[{"embeddable":true,"href":"https:\/\/sp7oswiecim.edu.pl\/index.php?rest_route=%2Fwp%2Fv2%2Fcomments&post=1331"}],"version-history":[{"count":0,"href":"https:\/\/sp7oswiecim.edu.pl\/index.php?rest_route=\/wp\/v2\/posts\/1331\/revisions"}],"wp:featuredmedia":[{"embeddable":true,"href":"https:\/\/sp7oswiecim.edu.pl\/index.php?rest_route=\/wp\/v2\/media\/1334"}],"wp:attachment":[{"href":"https:\/\/sp7oswiecim.edu.pl\/index.php?rest_route=%2Fwp%2Fv2%2Fmedia&parent=1331"}],"wp:term":[{"taxonomy":"category","embeddable":true,"href":"https:\/\/sp7oswiecim.edu.pl\/index.php?rest_route=%2Fwp%2Fv2%2Fcategories&post=1331"},{"taxonomy":"post_tag","embeddable":true,"href":"https:\/\/sp7oswiecim.edu.pl\/index.php?rest_route=%2Fwp%2Fv2%2Ftags&post=1331"}],"curies":[{"name":"wp","href":"https:\/\/api.w.org\/{rel}","templated":true}]}}