{"id":1322,"date":"2014-05-08T08:15:10","date_gmt":"2014-05-08T06:15:10","guid":{"rendered":"https:\/\/sp7oswiecim.edu.pl\/?p=1322"},"modified":"2014-05-08T08:15:10","modified_gmt":"2014-05-08T06:15:10","slug":"prestizowy-tytul-dla-naszej-szkoly","status":"publish","type":"post","link":"https:\/\/sp7oswiecim.edu.pl\/?p=1322","title":{"rendered":"Tytu\u0142 &#8222;Bezpieczna szko\u0142a&#8221; dla naszej szko\u0142y"},"content":{"rendered":"<p>Z ogromn\u0105 przyjemno\u015bci\u0105 informujemy, i\u017c nasza szko\u0142a zosta\u0142a wyr\u00f3\u017cniona tytu\u0142em <span style=\"color: #ff0000;\"><strong>&#8222;Bezpieczna szko\u0142a&#8221;<\/strong><\/span> oraz cz\u0142onkostwem w og\u00f3lnopolskim klubie <em>Bezpieczna szko\u0142a.<\/em><\/p>\n<p><a href=\"https:\/\/sp7oswiecim.edu.pl\/wp-content\/uploads\/2014\/05\/bezpieczna-szko\u0142\u0105.jpg\"><img loading=\"lazy\" decoding=\"async\" class=\"size-medium wp-image-1325 aligncenter\" src=\"https:\/\/sp7oswiecim.edu.pl\/wp-content\/uploads\/2014\/05\/bezpieczna-szko\u0142\u0105-210x300.jpg\" alt=\"bezpieczna szko\u0142\u0105\" width=\"210\" height=\"300\" srcset=\"https:\/\/sp7oswiecim.edu.pl\/wp-content\/uploads\/2014\/05\/bezpieczna-szko\u0142\u0105-210x300.jpg 210w, https:\/\/sp7oswiecim.edu.pl\/wp-content\/uploads\/2014\/05\/bezpieczna-szko\u0142\u0105.jpg 360w\" sizes=\"auto, (max-width: 210px) 100vw, 210px\" \/><\/a><\/p>\n","protected":false},"excerpt":{"rendered":"<p>Z ogromn\u0105 przyjemno\u015bci\u0105 informujemy, i\u017c nasza szko\u0142a zosta\u0142a wyr\u00f3\u017cniona tytu\u0142em &#8222;Bezpieczna szko\u0142a&#8221; oraz cz\u0142onkostwem w og\u00f3lnopolskim klubie Bezpieczna szko\u0142a.<\/p>\n<p class=\"continue-reading-button\"> <a class=\"continue-reading-link\" href=\"https:\/\/sp7oswiecim.edu.pl\/?p=1322\">Czytaj dalej<i class=\"crycon-right-dir\"><\/i><\/a><\/p>\n","protected":false},"author":2,"featured_media":1325,"comment_status":"closed","ping_status":"closed","sticky":false,"template":"","format":"standard","meta":{"footnotes":""},"categories":[4,14,1],"tags":[],"class_list":["post-1322","post","type-post","status-publish","format-standard","has-post-thumbnail","hentry","category-aktualnosci","category-profilaktyka","category-uncategorized"],"_links":{"self":[{"href":"https:\/\/sp7oswiecim.edu.pl\/index.php?rest_route=\/wp\/v2\/posts\/1322","targetHints":{"allow":["GET"]}}],"collection":[{"href":"https:\/\/sp7oswiecim.edu.pl\/index.php?rest_route=\/wp\/v2\/posts"}],"about":[{"href":"https:\/\/sp7oswiecim.edu.pl\/index.php?rest_route=\/wp\/v2\/types\/post"}],"author":[{"embeddable":true,"href":"https:\/\/sp7oswiecim.edu.pl\/index.php?rest_route=\/wp\/v2\/users\/2"}],"replies":[{"embeddable":true,"href":"https:\/\/sp7oswiecim.edu.pl\/index.php?rest_route=%2Fwp%2Fv2%2Fcomments&post=1322"}],"version-history":[{"count":0,"href":"https:\/\/sp7oswiecim.edu.pl\/index.php?rest_route=\/wp\/v2\/posts\/1322\/revisions"}],"wp:featuredmedia":[{"embeddable":true,"href":"https:\/\/sp7oswiecim.edu.pl\/index.php?rest_route=\/wp\/v2\/media\/1325"}],"wp:attachment":[{"href":"https:\/\/sp7oswiecim.edu.pl\/index.php?rest_route=%2Fwp%2Fv2%2Fmedia&parent=1322"}],"wp:term":[{"taxonomy":"category","embeddable":true,"href":"https:\/\/sp7oswiecim.edu.pl\/index.php?rest_route=%2Fwp%2Fv2%2Fcategories&post=1322"},{"taxonomy":"post_tag","embeddable":true,"href":"https:\/\/sp7oswiecim.edu.pl\/index.php?rest_route=%2Fwp%2Fv2%2Ftags&post=1322"}],"curies":[{"name":"wp","href":"https:\/\/api.w.org\/{rel}","templated":true}]}}