{"id":1310,"date":"2014-05-06T10:43:05","date_gmt":"2014-05-06T08:43:05","guid":{"rendered":"https:\/\/sp7oswiecim.edu.pl\/?p=1310"},"modified":"2014-05-06T10:43:05","modified_gmt":"2014-05-06T08:43:05","slug":"nasi-strzelcy-w-swietnej-formie","status":"publish","type":"post","link":"https:\/\/sp7oswiecim.edu.pl\/?p=1310","title":{"rendered":"Nasi &#8222;strzelcy&#8221; w \u015bwietnej formie"},"content":{"rendered":"\n\t\t<style type=\"text\/css\">\n\t\t\t#gallery-1 {\n\t\t\t\tmargin: auto;\n\t\t\t}\n\t\t\t#gallery-1 .gallery-item {\n\t\t\t\tfloat: left;\n\t\t\t\tmargin-top: 10px;\n\t\t\t\ttext-align: center;\n\t\t\t\twidth: 25%;\n\t\t\t}\n\t\t\t#gallery-1 img {\n\t\t\t\tborder: 2px solid #cfcfcf;\n\t\t\t}\n\t\t\t#gallery-1 .gallery-caption {\n\t\t\t\tmargin-left: 0;\n\t\t\t}\n\t\t\t\/* see gallery_shortcode() in wp-includes\/media.php *\/\n\t\t<\/style>\n\t\t<div id='gallery-1' class='gallery galleryid-1310 gallery-columns-4 gallery-size-thumbnail'><dl class='gallery-item'>\n\t\t\t<dt class='gallery-icon landscape'>\n\t\t\t\t<a href='https:\/\/sp7oswiecim.edu.pl\/?attachment_id=1311'><img loading=\"lazy\" decoding=\"async\" width=\"150\" height=\"150\" src=\"https:\/\/sp7oswiecim.edu.pl\/wp-content\/uploads\/2014\/05\/dscn0763-150x150.jpg\" class=\"attachment-thumbnail size-thumbnail\" alt=\"\" srcset=\"https:\/\/sp7oswiecim.edu.pl\/wp-content\/uploads\/2014\/05\/dscn0763-150x150.jpg 150w, https:\/\/sp7oswiecim.edu.pl\/wp-content\/uploads\/2014\/05\/dscn0763-100x100.jpg 100w\" sizes=\"auto, (max-width: 150px) 100vw, 150px\" \/><\/a>\n\t\t\t<\/dt><\/dl><dl class='gallery-item'>\n\t\t\t<dt class='gallery-icon landscape'>\n\t\t\t\t<a href='https:\/\/sp7oswiecim.edu.pl\/?attachment_id=1312'><img loading=\"lazy\" decoding=\"async\" width=\"150\" height=\"150\" src=\"https:\/\/sp7oswiecim.edu.pl\/wp-content\/uploads\/2014\/05\/dscn0764-150x150.jpg\" class=\"attachment-thumbnail size-thumbnail\" alt=\"\" srcset=\"https:\/\/sp7oswiecim.edu.pl\/wp-content\/uploads\/2014\/05\/dscn0764-150x150.jpg 150w, https:\/\/sp7oswiecim.edu.pl\/wp-content\/uploads\/2014\/05\/dscn0764-100x100.jpg 100w\" sizes=\"auto, (max-width: 150px) 100vw, 150px\" \/><\/a>\n\t\t\t<\/dt><\/dl><dl class='gallery-item'>\n\t\t\t<dt class='gallery-icon landscape'>\n\t\t\t\t<a href='https:\/\/sp7oswiecim.edu.pl\/?attachment_id=1313'><img loading=\"lazy\" decoding=\"async\" width=\"150\" height=\"150\" src=\"https:\/\/sp7oswiecim.edu.pl\/wp-content\/uploads\/2014\/05\/dscn0765-150x150.jpg\" class=\"attachment-thumbnail size-thumbnail\" alt=\"\" srcset=\"https:\/\/sp7oswiecim.edu.pl\/wp-content\/uploads\/2014\/05\/dscn0765-150x150.jpg 150w, https:\/\/sp7oswiecim.edu.pl\/wp-content\/uploads\/2014\/05\/dscn0765-100x100.jpg 100w\" sizes=\"auto, (max-width: 150px) 100vw, 150px\" \/><\/a>\n\t\t\t<\/dt><\/dl><dl class='gallery-item'>\n\t\t\t<dt class='gallery-icon landscape'>\n\t\t\t\t<a href='https:\/\/sp7oswiecim.edu.pl\/?attachment_id=1314'><img loading=\"lazy\" decoding=\"async\" width=\"150\" height=\"150\" src=\"https:\/\/sp7oswiecim.edu.pl\/wp-content\/uploads\/2014\/05\/dscn0758-150x150.jpg\" class=\"attachment-thumbnail size-thumbnail\" alt=\"\" srcset=\"https:\/\/sp7oswiecim.edu.pl\/wp-content\/uploads\/2014\/05\/dscn0758-150x150.jpg 150w, https:\/\/sp7oswiecim.edu.pl\/wp-content\/uploads\/2014\/05\/dscn0758-100x100.jpg 100w\" sizes=\"auto, (max-width: 150px) 100vw, 150px\" \/><\/a>\n\t\t\t<\/dt><\/dl><br style=\"clear: both\" \/><dl class='gallery-item'>\n\t\t\t<dt class='gallery-icon landscape'>\n\t\t\t\t<a href='https:\/\/sp7oswiecim.edu.pl\/?attachment_id=1315'><img loading=\"lazy\" decoding=\"async\" width=\"150\" height=\"150\" src=\"https:\/\/sp7oswiecim.edu.pl\/wp-content\/uploads\/2014\/05\/dscn0759-150x150.jpg\" class=\"attachment-thumbnail size-thumbnail\" alt=\"\" srcset=\"https:\/\/sp7oswiecim.edu.pl\/wp-content\/uploads\/2014\/05\/dscn0759-150x150.jpg 150w, https:\/\/sp7oswiecim.edu.pl\/wp-content\/uploads\/2014\/05\/dscn0759-100x100.jpg 100w\" sizes=\"auto, (max-width: 150px) 100vw, 150px\" \/><\/a>\n\t\t\t<\/dt><\/dl><dl class='gallery-item'>\n\t\t\t<dt class='gallery-icon landscape'>\n\t\t\t\t<a href='https:\/\/sp7oswiecim.edu.pl\/?attachment_id=1316'><img loading=\"lazy\" decoding=\"async\" width=\"150\" height=\"150\" src=\"https:\/\/sp7oswiecim.edu.pl\/wp-content\/uploads\/2014\/05\/dscn0760-150x150.jpg\" class=\"attachment-thumbnail size-thumbnail\" alt=\"\" srcset=\"https:\/\/sp7oswiecim.edu.pl\/wp-content\/uploads\/2014\/05\/dscn0760-150x150.jpg 150w, https:\/\/sp7oswiecim.edu.pl\/wp-content\/uploads\/2014\/05\/dscn0760-100x100.jpg 100w\" sizes=\"auto, (max-width: 150px) 100vw, 150px\" \/><\/a>\n\t\t\t<\/dt><\/dl><dl class='gallery-item'>\n\t\t\t<dt class='gallery-icon landscape'>\n\t\t\t\t<a href='https:\/\/sp7oswiecim.edu.pl\/?attachment_id=1317'><img loading=\"lazy\" decoding=\"async\" width=\"150\" height=\"150\" src=\"https:\/\/sp7oswiecim.edu.pl\/wp-content\/uploads\/2014\/05\/dscn0761-150x150.jpg\" class=\"attachment-thumbnail size-thumbnail\" alt=\"\" srcset=\"https:\/\/sp7oswiecim.edu.pl\/wp-content\/uploads\/2014\/05\/dscn0761-150x150.jpg 150w, https:\/\/sp7oswiecim.edu.pl\/wp-content\/uploads\/2014\/05\/dscn0761-100x100.jpg 100w\" sizes=\"auto, (max-width: 150px) 100vw, 150px\" \/><\/a>\n\t\t\t<\/dt><\/dl><dl class='gallery-item'>\n\t\t\t<dt class='gallery-icon landscape'>\n\t\t\t\t<a href='https:\/\/sp7oswiecim.edu.pl\/?attachment_id=1318'><img loading=\"lazy\" decoding=\"async\" width=\"150\" height=\"150\" src=\"https:\/\/sp7oswiecim.edu.pl\/wp-content\/uploads\/2014\/05\/dscn0762-150x150.jpg\" class=\"attachment-thumbnail size-thumbnail\" alt=\"\" srcset=\"https:\/\/sp7oswiecim.edu.pl\/wp-content\/uploads\/2014\/05\/dscn0762-150x150.jpg 150w, https:\/\/sp7oswiecim.edu.pl\/wp-content\/uploads\/2014\/05\/dscn0762-100x100.jpg 100w\" sizes=\"auto, (max-width: 150px) 100vw, 150px\" \/><\/a>\n\t\t\t<\/dt><\/dl><br style=\"clear: both\" \/>\n\t\t<\/div>\n\n<p style=\"text-align: justify;\">W dniu 30.04. 2014 roku uczniowie naszej szko\u0142y wzi\u0119li udzia\u0142 w zawodach strzeleckich dla szk\u00f3\u0142 gimnazjalnych z powiatu o\u015bwi\u0119cimskiego zorganizowanych przez PZ nr 2 SOMSiT w O\u015bwi\u0119cimiu. By\u0142o to pierwsze do\u015bwiadczenie startowe, gdy\u017c zawody odby\u0142y si\u0119 na strzelnicy otwartej. Zawodnicy strzelali z broni sportowej typu CM-2. Do dyspozycji by\u0142o 5 strza\u0142\u00f3w pr\u00f3bnych i 10 ocenianych, a odleg\u0142o\u015b\u0107 do tarczy wynosi\u0142a 50m.<\/p>\n<p style=\"text-align: justify;\">Przez ca\u0142e zawody trwa\u0142a zaci\u0119ta rywalizacja, w wyniku kt\u00f3rej uplasowali\u015bmy si\u0119 na \u015bwietnym II miejscu, nieznacznie ulegaj\u0105c jedynie zwyci\u0119zcom zawod\u00f3w.<\/p>\n<p><span style=\"color: #003366;\"><strong>W zawodach reprezentowali nas uczniowie:<\/strong><\/span><\/p>\n<p><span style=\"color: #000000;\">1. ANGELIKA STANEK<\/span><\/p>\n<p><span style=\"color: #000000;\">2 MARTA\u00a0 JANECZKO<\/span><\/p>\n<p><span style=\"color: #000000;\">3. EDYTA WALEROWICZ<\/span><\/p>\n<p><span style=\"color: #000000;\">4. BEATA PRZE\u017bYWALSKA<\/span><\/p>\n<p><span style=\"color: #000000;\">5. FILIP NIEMIEC<\/span><\/p>\n<p><span style=\"color: #000000;\">6. ADRIAN \u017bAK<\/span><\/p>\n<p><span style=\"color: #000000;\">7. DOMINIK WERNER<\/span><\/p>\n<p><span style=\"color: #000000;\">8. PAWE\u0141 PAWLIK<\/span><\/p>\n","protected":false},"excerpt":{"rendered":"<p>W dniu 30.04. 2014 roku uczniowie naszej szko\u0142y wzi\u0119li udzia\u0142 w zawodach strzeleckich dla szk\u00f3\u0142 gimnazjalnych z powiatu o\u015bwi\u0119cimskiego zorganizowanych przez PZ nr 2 SOMSiT w O\u015bwi\u0119cimiu. By\u0142o to pierwsze do\u015bwiadczenie startowe, gdy\u017c zawody odby\u0142y si\u0119 na strzelnicy otwartej. Zawodnicy strzelali z broni sportowej typu CM-2. Do dyspozycji by\u0142o 5&#8230;<\/p>\n<p class=\"continue-reading-button\"> <a class=\"continue-reading-link\" href=\"https:\/\/sp7oswiecim.edu.pl\/?p=1310\">Czytaj dalej<i class=\"crycon-right-dir\"><\/i><\/a><\/p>\n","protected":false},"author":2,"featured_media":1313,"comment_status":"closed","ping_status":"closed","sticky":false,"template":"","format":"standard","meta":{"footnotes":""},"categories":[4,18,1],"tags":[],"class_list":["post-1310","post","type-post","status-publish","format-standard","has-post-thumbnail","hentry","category-aktualnosci","category-sport-w-szkole","category-uncategorized"],"_links":{"self":[{"href":"https:\/\/sp7oswiecim.edu.pl\/index.php?rest_route=\/wp\/v2\/posts\/1310","targetHints":{"allow":["GET"]}}],"collection":[{"href":"https:\/\/sp7oswiecim.edu.pl\/index.php?rest_route=\/wp\/v2\/posts"}],"about":[{"href":"https:\/\/sp7oswiecim.edu.pl\/index.php?rest_route=\/wp\/v2\/types\/post"}],"author":[{"embeddable":true,"href":"https:\/\/sp7oswiecim.edu.pl\/index.php?rest_route=\/wp\/v2\/users\/2"}],"replies":[{"embeddable":true,"href":"https:\/\/sp7oswiecim.edu.pl\/index.php?rest_route=%2Fwp%2Fv2%2Fcomments&post=1310"}],"version-history":[{"count":0,"href":"https:\/\/sp7oswiecim.edu.pl\/index.php?rest_route=\/wp\/v2\/posts\/1310\/revisions"}],"wp:featuredmedia":[{"embeddable":true,"href":"https:\/\/sp7oswiecim.edu.pl\/index.php?rest_route=\/wp\/v2\/media\/1313"}],"wp:attachment":[{"href":"https:\/\/sp7oswiecim.edu.pl\/index.php?rest_route=%2Fwp%2Fv2%2Fmedia&parent=1310"}],"wp:term":[{"taxonomy":"category","embeddable":true,"href":"https:\/\/sp7oswiecim.edu.pl\/index.php?rest_route=%2Fwp%2Fv2%2Fcategories&post=1310"},{"taxonomy":"post_tag","embeddable":true,"href":"https:\/\/sp7oswiecim.edu.pl\/index.php?rest_route=%2Fwp%2Fv2%2Ftags&post=1310"}],"curies":[{"name":"wp","href":"https:\/\/api.w.org\/{rel}","templated":true}]}}