{"id":1307,"date":"2014-04-30T16:12:11","date_gmt":"2014-04-30T14:12:11","guid":{"rendered":"https:\/\/sp7oswiecim.edu.pl\/?p=1307"},"modified":"2014-04-30T16:12:11","modified_gmt":"2014-04-30T14:12:11","slug":"2-maja-dzien-wolny-od-zajec-dydaktyczno-wychowawczych","status":"publish","type":"post","link":"https:\/\/sp7oswiecim.edu.pl\/?p=1307","title":{"rendered":"2 maja- dzie\u0144 wolny od zaj\u0119\u0107 dydaktyczno-wychowawczych"},"content":{"rendered":"<p>Dzie\u0144 2 maja 2014 r. (pi\u0105tek) jest dniem wolnym od zaj\u0119\u0107 dydaktyczno-wychowawczych.<br \/>\nDzie\u0144 ten zosta\u0142 odpracowany 5 kwietnia (sobota)<\/p>\n","protected":false},"excerpt":{"rendered":"<p>Dzie\u0144 2 maja 2014 r. (pi\u0105tek) jest dniem wolnym od zaj\u0119\u0107 dydaktyczno-wychowawczych. Dzie\u0144 ten zosta\u0142 odpracowany 5 kwietnia (sobota)<\/p>\n<p class=\"continue-reading-button\"> <a class=\"continue-reading-link\" href=\"https:\/\/sp7oswiecim.edu.pl\/?p=1307\">Czytaj dalej<i class=\"crycon-right-dir\"><\/i><\/a><\/p>\n","protected":false},"author":2,"featured_media":0,"comment_status":"closed","ping_status":"closed","sticky":false,"template":"","format":"standard","meta":{"footnotes":""},"categories":[5,1],"tags":[],"class_list":["post-1307","post","type-post","status-publish","format-standard","hentry","category-bez-kategorii","category-uncategorized"],"_links":{"self":[{"href":"https:\/\/sp7oswiecim.edu.pl\/index.php?rest_route=\/wp\/v2\/posts\/1307","targetHints":{"allow":["GET"]}}],"collection":[{"href":"https:\/\/sp7oswiecim.edu.pl\/index.php?rest_route=\/wp\/v2\/posts"}],"about":[{"href":"https:\/\/sp7oswiecim.edu.pl\/index.php?rest_route=\/wp\/v2\/types\/post"}],"author":[{"embeddable":true,"href":"https:\/\/sp7oswiecim.edu.pl\/index.php?rest_route=\/wp\/v2\/users\/2"}],"replies":[{"embeddable":true,"href":"https:\/\/sp7oswiecim.edu.pl\/index.php?rest_route=%2Fwp%2Fv2%2Fcomments&post=1307"}],"version-history":[{"count":0,"href":"https:\/\/sp7oswiecim.edu.pl\/index.php?rest_route=\/wp\/v2\/posts\/1307\/revisions"}],"wp:attachment":[{"href":"https:\/\/sp7oswiecim.edu.pl\/index.php?rest_route=%2Fwp%2Fv2%2Fmedia&parent=1307"}],"wp:term":[{"taxonomy":"category","embeddable":true,"href":"https:\/\/sp7oswiecim.edu.pl\/index.php?rest_route=%2Fwp%2Fv2%2Fcategories&post=1307"},{"taxonomy":"post_tag","embeddable":true,"href":"https:\/\/sp7oswiecim.edu.pl\/index.php?rest_route=%2Fwp%2Fv2%2Ftags&post=1307"}],"curies":[{"name":"wp","href":"https:\/\/api.w.org\/{rel}","templated":true}]}}