{"id":1286,"date":"2014-04-30T10:38:45","date_gmt":"2014-04-30T08:38:45","guid":{"rendered":"https:\/\/sp7oswiecim.edu.pl\/?p=1286"},"modified":"2014-04-30T10:38:45","modified_gmt":"2014-04-30T08:38:45","slug":"turniej-unihokeja","status":"publish","type":"post","link":"https:\/\/sp7oswiecim.edu.pl\/?p=1286","title":{"rendered":"TURNIEJ  UNIHOKEJA"},"content":{"rendered":"<p align=\"left\">Rozpocz\u0119li\u015bmy II edycj\u0119 turnieju unihokeja.<\/p>\n<p align=\"left\">W pierwszej kolejce zagra\u0142y reprezentacje:<\/p>\n<p align=\"left\"><b>klasy I a w sk\u0142adzie:<\/b> Miko\u0142aj Madej, Karol Wieczorkiewicz, Darek Potaczek, Mateusz Mazurkiewicz, Mateusz Ostrowski, Jan Kaczmarczyk;<\/p>\n<div id=\"attachment_1287\" style=\"width: 310px\" class=\"wp-caption aligncenter\"><a href=\"https:\/\/sp7oswiecim.edu.pl\/wp-content\/uploads\/2014\/04\/1.jpg\"><img loading=\"lazy\" decoding=\"async\" aria-describedby=\"caption-attachment-1287\" class=\"size-medium wp-image-1287 \" title=\"Klasa 1a\" alt=\"\" src=\"https:\/\/sp7oswiecim.edu.pl\/wp-content\/uploads\/2014\/04\/1-300x168.jpg\" width=\"300\" height=\"168\" \/><\/a><p id=\"caption-attachment-1287\" class=\"wp-caption-text\">Od lewej: Dorota Czech, Karol Wieczorkiewicz, Mateusz Mazurkiewicz, Miko\u0142aj Madej, Jan Kaczmarczyk, Darek Potaczek, Mateusz Ostrowski<\/p><\/div>\n<p><strong> <strong>klasy II b\u00a0 w sk\u0142adzie<\/strong>: <\/strong>Micha\u0142 \u0141abaj, Kamil Bok, Patryk Korczyk, Adrian Zajas, Andrzej M\u0105czka, Sylwester Kocy\u0142a, Dorota Czech.<\/p>\n<div id=\"attachment_1291\" style=\"width: 310px\" class=\"wp-caption aligncenter\"><a href=\"https:\/\/sp7oswiecim.edu.pl\/wp-content\/uploads\/2014\/04\/2.jpg\"><img loading=\"lazy\" decoding=\"async\" aria-describedby=\"caption-attachment-1291\" class=\"size-medium wp-image-1291\" alt=\"1b\" src=\"https:\/\/sp7oswiecim.edu.pl\/wp-content\/uploads\/2014\/04\/2-300x168.jpg\" width=\"300\" height=\"168\" \/><\/a><p id=\"caption-attachment-1291\" class=\"wp-caption-text\">Od lewej: Micha\u0142 \u0141abaj, Kamil Bok, Patryk Korczyk, Adrian Zajas, Andrzej M\u0105czka, Sylwester Kocy\u0142a, Dorota Czech.<\/p><\/div>\n<p><strong>Wynik meczu<\/strong><\/p>\n<p>I a : I b<\/p>\n<p>2 :10<\/p>\n<p><strong>Autorzy bramek:<\/strong><\/p>\n<p>klasa I a: <em>Madej Miko\u0142aj<\/em> <strong>1<\/strong>; <em>Wieczorkiewicz Karol<\/em> <strong>1<\/strong><\/p>\n<p>klasa I b: <em>Korczyk Patryk<\/em> <strong>2<\/strong>; <em>M\u0105czka Andrzej<\/em> <strong>2<\/strong>; <em>Kocy\u0142a Sylwester<\/em> <strong>3<\/strong>; <em>Bok Kamil<\/em> <strong>3<\/strong><\/p>\n\n\t\t<style type=\"text\/css\">\n\t\t\t#gallery-1 {\n\t\t\t\tmargin: auto;\n\t\t\t}\n\t\t\t#gallery-1 .gallery-item {\n\t\t\t\tfloat: left;\n\t\t\t\tmargin-top: 10px;\n\t\t\t\ttext-align: center;\n\t\t\t\twidth: 16%;\n\t\t\t}\n\t\t\t#gallery-1 img {\n\t\t\t\tborder: 2px solid #cfcfcf;\n\t\t\t}\n\t\t\t#gallery-1 .gallery-caption {\n\t\t\t\tmargin-left: 0;\n\t\t\t}\n\t\t\t\/* see gallery_shortcode() in wp-includes\/media.php *\/\n\t\t<\/style>\n\t\t<div id='gallery-1' class='gallery galleryid-1286 gallery-columns-6 gallery-size-thumbnail'><dl class='gallery-item'>\n\t\t\t<dt class='gallery-icon landscape'>\n\t\t\t\t<a href='https:\/\/sp7oswiecim.edu.pl\/?attachment_id=1294'><img loading=\"lazy\" decoding=\"async\" width=\"150\" height=\"150\" src=\"https:\/\/sp7oswiecim.edu.pl\/wp-content\/uploads\/2014\/04\/5-150x150.jpg\" class=\"attachment-thumbnail size-thumbnail\" alt=\"\" srcset=\"https:\/\/sp7oswiecim.edu.pl\/wp-content\/uploads\/2014\/04\/5-150x150.jpg 150w, https:\/\/sp7oswiecim.edu.pl\/wp-content\/uploads\/2014\/04\/5-100x100.jpg 100w\" sizes=\"auto, (max-width: 150px) 100vw, 150px\" \/><\/a>\n\t\t\t<\/dt><\/dl><dl class='gallery-item'>\n\t\t\t<dt class='gallery-icon landscape'>\n\t\t\t\t<a href='https:\/\/sp7oswiecim.edu.pl\/?attachment_id=1295'><img loading=\"lazy\" decoding=\"async\" width=\"150\" height=\"150\" src=\"https:\/\/sp7oswiecim.edu.pl\/wp-content\/uploads\/2014\/04\/6-150x150.jpg\" class=\"attachment-thumbnail size-thumbnail\" alt=\"\" srcset=\"https:\/\/sp7oswiecim.edu.pl\/wp-content\/uploads\/2014\/04\/6-150x150.jpg 150w, https:\/\/sp7oswiecim.edu.pl\/wp-content\/uploads\/2014\/04\/6-100x100.jpg 100w\" sizes=\"auto, (max-width: 150px) 100vw, 150px\" \/><\/a>\n\t\t\t<\/dt><\/dl><dl class='gallery-item'>\n\t\t\t<dt class='gallery-icon landscape'>\n\t\t\t\t<a href='https:\/\/sp7oswiecim.edu.pl\/?attachment_id=1296'><img loading=\"lazy\" decoding=\"async\" width=\"150\" height=\"150\" src=\"https:\/\/sp7oswiecim.edu.pl\/wp-content\/uploads\/2014\/04\/016-150x150.jpg\" class=\"attachment-thumbnail size-thumbnail\" alt=\"\" srcset=\"https:\/\/sp7oswiecim.edu.pl\/wp-content\/uploads\/2014\/04\/016-150x150.jpg 150w, https:\/\/sp7oswiecim.edu.pl\/wp-content\/uploads\/2014\/04\/016-100x100.jpg 100w\" sizes=\"auto, (max-width: 150px) 100vw, 150px\" \/><\/a>\n\t\t\t<\/dt><\/dl><dl class='gallery-item'>\n\t\t\t<dt class='gallery-icon landscape'>\n\t\t\t\t<a href='https:\/\/sp7oswiecim.edu.pl\/?attachment_id=1297'><img loading=\"lazy\" decoding=\"async\" width=\"150\" height=\"150\" src=\"https:\/\/sp7oswiecim.edu.pl\/wp-content\/uploads\/2014\/04\/033-150x150.jpg\" class=\"attachment-thumbnail size-thumbnail\" alt=\"\" srcset=\"https:\/\/sp7oswiecim.edu.pl\/wp-content\/uploads\/2014\/04\/033-150x150.jpg 150w, https:\/\/sp7oswiecim.edu.pl\/wp-content\/uploads\/2014\/04\/033-100x100.jpg 100w\" sizes=\"auto, (max-width: 150px) 100vw, 150px\" \/><\/a>\n\t\t\t<\/dt><\/dl><dl class='gallery-item'>\n\t\t\t<dt class='gallery-icon landscape'>\n\t\t\t\t<a href='https:\/\/sp7oswiecim.edu.pl\/?attachment_id=1298'><img loading=\"lazy\" decoding=\"async\" width=\"150\" height=\"150\" src=\"https:\/\/sp7oswiecim.edu.pl\/wp-content\/uploads\/2014\/04\/037-150x150.jpg\" class=\"attachment-thumbnail size-thumbnail\" alt=\"\" srcset=\"https:\/\/sp7oswiecim.edu.pl\/wp-content\/uploads\/2014\/04\/037-150x150.jpg 150w, https:\/\/sp7oswiecim.edu.pl\/wp-content\/uploads\/2014\/04\/037-100x100.jpg 100w\" sizes=\"auto, (max-width: 150px) 100vw, 150px\" \/><\/a>\n\t\t\t<\/dt><\/dl><dl class='gallery-item'>\n\t\t\t<dt class='gallery-icon landscape'>\n\t\t\t\t<a href='https:\/\/sp7oswiecim.edu.pl\/?attachment_id=1299'><img loading=\"lazy\" decoding=\"async\" width=\"150\" height=\"150\" src=\"https:\/\/sp7oswiecim.edu.pl\/wp-content\/uploads\/2014\/04\/038-150x150.jpg\" class=\"attachment-thumbnail size-thumbnail\" alt=\"\" srcset=\"https:\/\/sp7oswiecim.edu.pl\/wp-content\/uploads\/2014\/04\/038-150x150.jpg 150w, https:\/\/sp7oswiecim.edu.pl\/wp-content\/uploads\/2014\/04\/038-100x100.jpg 100w\" sizes=\"auto, (max-width: 150px) 100vw, 150px\" \/><\/a>\n\t\t\t<\/dt><\/dl><br style=\"clear: both\" \/><dl class='gallery-item'>\n\t\t\t<dt class='gallery-icon landscape'>\n\t\t\t\t<a href='https:\/\/sp7oswiecim.edu.pl\/?attachment_id=1300'><img loading=\"lazy\" decoding=\"async\" width=\"150\" height=\"150\" src=\"https:\/\/sp7oswiecim.edu.pl\/wp-content\/uploads\/2014\/04\/040-150x150.jpg\" class=\"attachment-thumbnail size-thumbnail\" alt=\"\" srcset=\"https:\/\/sp7oswiecim.edu.pl\/wp-content\/uploads\/2014\/04\/040-150x150.jpg 150w, https:\/\/sp7oswiecim.edu.pl\/wp-content\/uploads\/2014\/04\/040-100x100.jpg 100w\" sizes=\"auto, (max-width: 150px) 100vw, 150px\" \/><\/a>\n\t\t\t<\/dt><\/dl><dl class='gallery-item'>\n\t\t\t<dt class='gallery-icon landscape'>\n\t\t\t\t<a href='https:\/\/sp7oswiecim.edu.pl\/?attachment_id=1301'><img loading=\"lazy\" decoding=\"async\" width=\"150\" height=\"150\" src=\"https:\/\/sp7oswiecim.edu.pl\/wp-content\/uploads\/2014\/04\/045-150x150.jpg\" class=\"attachment-thumbnail size-thumbnail\" alt=\"\" srcset=\"https:\/\/sp7oswiecim.edu.pl\/wp-content\/uploads\/2014\/04\/045-150x150.jpg 150w, https:\/\/sp7oswiecim.edu.pl\/wp-content\/uploads\/2014\/04\/045-100x100.jpg 100w\" sizes=\"auto, (max-width: 150px) 100vw, 150px\" \/><\/a>\n\t\t\t<\/dt><\/dl><dl class='gallery-item'>\n\t\t\t<dt class='gallery-icon landscape'>\n\t\t\t\t<a href='https:\/\/sp7oswiecim.edu.pl\/?attachment_id=1302'><img loading=\"lazy\" decoding=\"async\" width=\"150\" height=\"150\" src=\"https:\/\/sp7oswiecim.edu.pl\/wp-content\/uploads\/2014\/04\/048-150x150.jpg\" class=\"attachment-thumbnail size-thumbnail\" alt=\"\" srcset=\"https:\/\/sp7oswiecim.edu.pl\/wp-content\/uploads\/2014\/04\/048-150x150.jpg 150w, https:\/\/sp7oswiecim.edu.pl\/wp-content\/uploads\/2014\/04\/048-100x100.jpg 100w\" sizes=\"auto, (max-width: 150px) 100vw, 150px\" \/><\/a>\n\t\t\t<\/dt><\/dl><dl class='gallery-item'>\n\t\t\t<dt class='gallery-icon landscape'>\n\t\t\t\t<a href='https:\/\/sp7oswiecim.edu.pl\/?attachment_id=1303'><img loading=\"lazy\" decoding=\"async\" width=\"150\" height=\"150\" src=\"https:\/\/sp7oswiecim.edu.pl\/wp-content\/uploads\/2014\/04\/061-150x150.jpg\" class=\"attachment-thumbnail size-thumbnail\" alt=\"\" srcset=\"https:\/\/sp7oswiecim.edu.pl\/wp-content\/uploads\/2014\/04\/061-150x150.jpg 150w, https:\/\/sp7oswiecim.edu.pl\/wp-content\/uploads\/2014\/04\/061-100x100.jpg 100w\" sizes=\"auto, (max-width: 150px) 100vw, 150px\" \/><\/a>\n\t\t\t<\/dt><\/dl><dl class='gallery-item'>\n\t\t\t<dt class='gallery-icon landscape'>\n\t\t\t\t<a href='https:\/\/sp7oswiecim.edu.pl\/?attachment_id=1304'><img loading=\"lazy\" decoding=\"async\" width=\"150\" height=\"150\" src=\"https:\/\/sp7oswiecim.edu.pl\/wp-content\/uploads\/2014\/04\/3-150x150.jpg\" class=\"attachment-thumbnail size-thumbnail\" alt=\"\" srcset=\"https:\/\/sp7oswiecim.edu.pl\/wp-content\/uploads\/2014\/04\/3-150x150.jpg 150w, https:\/\/sp7oswiecim.edu.pl\/wp-content\/uploads\/2014\/04\/3-100x100.jpg 100w\" sizes=\"auto, (max-width: 150px) 100vw, 150px\" \/><\/a>\n\t\t\t<\/dt><\/dl><dl class='gallery-item'>\n\t\t\t<dt class='gallery-icon landscape'>\n\t\t\t\t<a href='https:\/\/sp7oswiecim.edu.pl\/?attachment_id=1305'><img loading=\"lazy\" decoding=\"async\" width=\"150\" height=\"150\" src=\"https:\/\/sp7oswiecim.edu.pl\/wp-content\/uploads\/2014\/04\/4-150x150.jpg\" class=\"attachment-thumbnail size-thumbnail\" alt=\"\" srcset=\"https:\/\/sp7oswiecim.edu.pl\/wp-content\/uploads\/2014\/04\/4-150x150.jpg 150w, https:\/\/sp7oswiecim.edu.pl\/wp-content\/uploads\/2014\/04\/4-100x100.jpg 100w\" sizes=\"auto, (max-width: 150px) 100vw, 150px\" \/><\/a>\n\t\t\t<\/dt><\/dl><br style=\"clear: both\" \/>\n\t\t<\/div>\n\n<p>&nbsp;<\/p>\n","protected":false},"excerpt":{"rendered":"<p>Rozpocz\u0119li\u015bmy II edycj\u0119 turnieju unihokeja. W pierwszej kolejce zagra\u0142y reprezentacje: klasy I a w sk\u0142adzie: Miko\u0142aj Madej, Karol Wieczorkiewicz, Darek Potaczek, Mateusz Mazurkiewicz, Mateusz Ostrowski, Jan Kaczmarczyk; klasy II b\u00a0 w sk\u0142adzie: Micha\u0142 \u0141abaj, Kamil Bok, Patryk Korczyk, Adrian Zajas, Andrzej M\u0105czka, Sylwester Kocy\u0142a, Dorota Czech. Wynik meczu I a&#8230;<\/p>\n<p class=\"continue-reading-button\"> <a class=\"continue-reading-link\" href=\"https:\/\/sp7oswiecim.edu.pl\/?p=1286\">Czytaj dalej<i class=\"crycon-right-dir\"><\/i><\/a><\/p>\n","protected":false},"author":2,"featured_media":0,"comment_status":"closed","ping_status":"closed","sticky":false,"template":"","format":"standard","meta":{"footnotes":""},"categories":[18,1],"tags":[],"class_list":["post-1286","post","type-post","status-publish","format-standard","hentry","category-sport-w-szkole","category-uncategorized"],"_links":{"self":[{"href":"https:\/\/sp7oswiecim.edu.pl\/index.php?rest_route=\/wp\/v2\/posts\/1286","targetHints":{"allow":["GET"]}}],"collection":[{"href":"https:\/\/sp7oswiecim.edu.pl\/index.php?rest_route=\/wp\/v2\/posts"}],"about":[{"href":"https:\/\/sp7oswiecim.edu.pl\/index.php?rest_route=\/wp\/v2\/types\/post"}],"author":[{"embeddable":true,"href":"https:\/\/sp7oswiecim.edu.pl\/index.php?rest_route=\/wp\/v2\/users\/2"}],"replies":[{"embeddable":true,"href":"https:\/\/sp7oswiecim.edu.pl\/index.php?rest_route=%2Fwp%2Fv2%2Fcomments&post=1286"}],"version-history":[{"count":0,"href":"https:\/\/sp7oswiecim.edu.pl\/index.php?rest_route=\/wp\/v2\/posts\/1286\/revisions"}],"wp:attachment":[{"href":"https:\/\/sp7oswiecim.edu.pl\/index.php?rest_route=%2Fwp%2Fv2%2Fmedia&parent=1286"}],"wp:term":[{"taxonomy":"category","embeddable":true,"href":"https:\/\/sp7oswiecim.edu.pl\/index.php?rest_route=%2Fwp%2Fv2%2Fcategories&post=1286"},{"taxonomy":"post_tag","embeddable":true,"href":"https:\/\/sp7oswiecim.edu.pl\/index.php?rest_route=%2Fwp%2Fv2%2Ftags&post=1286"}],"curies":[{"name":"wp","href":"https:\/\/api.w.org\/{rel}","templated":true}]}}