{"id":1274,"date":"2014-04-14T16:46:15","date_gmt":"2014-04-14T14:46:15","guid":{"rendered":"https:\/\/sp7oswiecim.edu.pl\/?p=1274"},"modified":"2014-04-14T16:46:15","modified_gmt":"2014-04-14T14:46:15","slug":"egzamin-gimnazjalny","status":"publish","type":"post","link":"https:\/\/sp7oswiecim.edu.pl\/?p=1274","title":{"rendered":"Egzamin gimnazjalny"},"content":{"rendered":"<p>W dniach<span style=\"color: #ff0000;\"> <strong>21 22, 23 kwietnia 2015 r.<\/strong> <\/span>ma miejsce egzamin gimnazjalny dla uczni\u00f3w klas III.<br \/>\nW tych dniach w szkole nie odbywaj\u0105 si\u0119 zaj\u0119cia dydaktyczne dla uczni\u00f3w klas pierwszych i drugich.<\/p>\n<p style=\"text-align: center;\"><span style=\"color: #ff0000;\"><strong>Wszystkim trzecioklasistom \u017cyczymy powodzenia na egzaminie!!!<\/strong><\/span><\/p>\n","protected":false},"excerpt":{"rendered":"<p>W dniach 21 22, 23 kwietnia 2015 r. ma miejsce egzamin gimnazjalny dla uczni\u00f3w klas III. W tych dniach w szkole nie odbywaj\u0105 si\u0119 zaj\u0119cia dydaktyczne dla uczni\u00f3w klas pierwszych i drugich. Wszystkim trzecioklasistom \u017cyczymy powodzenia na egzaminie!!!<\/p>\n<p class=\"continue-reading-button\"> <a class=\"continue-reading-link\" href=\"https:\/\/sp7oswiecim.edu.pl\/?p=1274\">Czytaj dalej<i class=\"crycon-right-dir\"><\/i><\/a><\/p>\n","protected":false},"author":2,"featured_media":0,"comment_status":"closed","ping_status":"closed","sticky":false,"template":"","format":"standard","meta":{"footnotes":""},"categories":[5,1],"tags":[],"class_list":["post-1274","post","type-post","status-publish","format-standard","hentry","category-bez-kategorii","category-uncategorized"],"_links":{"self":[{"href":"https:\/\/sp7oswiecim.edu.pl\/index.php?rest_route=\/wp\/v2\/posts\/1274","targetHints":{"allow":["GET"]}}],"collection":[{"href":"https:\/\/sp7oswiecim.edu.pl\/index.php?rest_route=\/wp\/v2\/posts"}],"about":[{"href":"https:\/\/sp7oswiecim.edu.pl\/index.php?rest_route=\/wp\/v2\/types\/post"}],"author":[{"embeddable":true,"href":"https:\/\/sp7oswiecim.edu.pl\/index.php?rest_route=\/wp\/v2\/users\/2"}],"replies":[{"embeddable":true,"href":"https:\/\/sp7oswiecim.edu.pl\/index.php?rest_route=%2Fwp%2Fv2%2Fcomments&post=1274"}],"version-history":[{"count":0,"href":"https:\/\/sp7oswiecim.edu.pl\/index.php?rest_route=\/wp\/v2\/posts\/1274\/revisions"}],"wp:attachment":[{"href":"https:\/\/sp7oswiecim.edu.pl\/index.php?rest_route=%2Fwp%2Fv2%2Fmedia&parent=1274"}],"wp:term":[{"taxonomy":"category","embeddable":true,"href":"https:\/\/sp7oswiecim.edu.pl\/index.php?rest_route=%2Fwp%2Fv2%2Fcategories&post=1274"},{"taxonomy":"post_tag","embeddable":true,"href":"https:\/\/sp7oswiecim.edu.pl\/index.php?rest_route=%2Fwp%2Fv2%2Ftags&post=1274"}],"curies":[{"name":"wp","href":"https:\/\/api.w.org\/{rel}","templated":true}]}}