{"id":1175,"date":"2014-03-31T12:42:52","date_gmt":"2014-03-31T10:42:52","guid":{"rendered":"https:\/\/sp7oswiecim.edu.pl\/?p=1175"},"modified":"2014-03-31T12:42:52","modified_gmt":"2014-03-31T10:42:52","slug":"obozy-sportowe","status":"publish","type":"post","link":"https:\/\/sp7oswiecim.edu.pl\/?p=1175","title":{"rendered":"Obozy sportowe"},"content":{"rendered":"<p style=\"text-align: justify;\">\u00a0Ju\u017c trzeci rok organizujemy w naszej szkole obozy sportowe maj\u0105ce na celu propagowanie zdrowego trybu \u017cycia oraz poznawanie przepi\u0119knych zak\u0105tk\u00f3w naszego kraju.<\/p>\n<p style=\"text-align: justify;\">\u00a0Pierwszy ob\u00f3z zorganizowali\u015bmy w Jaros\u0142awcu w roku Euro 2012 pod has\u0142em&#8221; Uczymy si\u0119 kulturalnie kibicowa\u0107&#8221;. W trakcie obozu propagowali\u015bmy turystyk\u0119 piesz\u0105, rowerow\u0105 maj\u0105c\u0105 na celu poznanie okolic Jaros\u0142awca. Ponadto codziennie odbywa\u0142y si\u0119 zaj\u0119cia na \u2018\u2019orliku\u2019\u2019<\/p>\n<p style=\"text-align: justify;\">\u00a0z gier zespo\u0142owych. Dodatkowymi atrakcjami\u00a0 by\u0142y wyj\u015bcia na basen oraz do aquaparku. Popo\u0142udniami rozgrywali\u015bmy turnieje tenisa sto\u0142owego oraz pi\u0142karzyk\u00f3w, a wieczorami spotykali\u015bmy si\u0119 w przyjaznej atmosferze przy ognisku i gitarach.<\/p>\n<p style=\"text-align: justify;\">\u00a0Kolejny wyjazd zorganizowali\u015bmy w \u00a0roku 2013. Wyjechali\u015bmy na ob\u00f3z sportowy do Mi\u0119dzybrodzia Bielskiego.<\/p>\n<p style=\"text-align: justify;\">\u00a0G\u0142\u00f3wn\u0105 atrakcj\u0105 tego regionu s\u0105 g\u00f3ry i jeziora. Uprawiali\u015bmy turystyk\u0119 g\u00f3rsk\u0105. Zdobyli\u015bmy g\u00f3r\u0119 \u017bar oraz Mag\u00f3rk\u0119. Codziennie odbywa\u0142y si\u0119 zaj\u0119cia z gier i zabaw na basenie. Ponadto zorganizowali\u015bmy regaty na jeziorze rowerkami wodnymi.<\/p>\n<p style=\"text-align: justify;\">Du\u017c\u0105 popularno\u015bci\u0105 \u00a0cieszy\u0142y si\u0119 zawody z tenisa sto\u0142owego oraz pi\u0142karzyk\u00f3w.<\/p>\n<p style=\"text-align: justify;\">Ogromn\u0105 satysfakcj\u0119 dawa\u0142y codzienne zaj\u0119cia na \u2019\u2019orliku\u2019\u2019 oraz rozgrywki z gier zespo\u0142owych dziewcz\u0119ta kontra ch\u0142opcy.<\/p>\n<p style=\"text-align: justify;\">Poniewa\u017c obozy sportowe w naszej szkole ciesz\u0105 si\u0119 du\u017cym zainteresowaniem, w czerwcu tego roku planujemy kolejny wyjazd do miejscowo\u015bci \u0141azy nad morzem.<\/p>\n<p style=\"text-align: justify;\"><strong>Galerie zdj\u0119\u0107<\/strong>:<\/p>\n<p style=\"text-align: justify;\">\u00a0<a href=\"https:\/\/sp7oswiecim.edu.pl\/2014\/03\/oboz-w-jaroslawcu\/\">Ob\u00f3z w Jaros\u0142awcu<\/a><\/p>\n<p style=\"text-align: justify;\"><a href=\"https:\/\/sp7oswiecim.edu.pl\/2013\/12\/oboz-sportowy-w-miedzybrodziu-czerwiec-2013\/\">Ob\u00f3z w Mi\u0119dzybrodziu<\/a><\/p>\n","protected":false},"excerpt":{"rendered":"<p>\u00a0Ju\u017c trzeci rok organizujemy w naszej szkole obozy sportowe maj\u0105ce na celu propagowanie zdrowego trybu \u017cycia oraz poznawanie przepi\u0119knych zak\u0105tk\u00f3w naszego kraju. \u00a0Pierwszy ob\u00f3z zorganizowali\u015bmy w Jaros\u0142awcu w roku Euro 2012 pod has\u0142em&#8221; Uczymy si\u0119 kulturalnie kibicowa\u0107&#8221;. W trakcie obozu propagowali\u015bmy turystyk\u0119 piesz\u0105, rowerow\u0105 maj\u0105c\u0105 na celu poznanie okolic Jaros\u0142awca&#8230;.<\/p>\n<p class=\"continue-reading-button\"> <a class=\"continue-reading-link\" href=\"https:\/\/sp7oswiecim.edu.pl\/?p=1175\">Czytaj dalej<i class=\"crycon-right-dir\"><\/i><\/a><\/p>\n","protected":false},"author":2,"featured_media":1240,"comment_status":"closed","ping_status":"closed","sticky":false,"template":"","format":"standard","meta":{"footnotes":""},"categories":[18,1],"tags":[],"class_list":["post-1175","post","type-post","status-publish","format-standard","has-post-thumbnail","hentry","category-sport-w-szkole","category-uncategorized"],"_links":{"self":[{"href":"https:\/\/sp7oswiecim.edu.pl\/index.php?rest_route=\/wp\/v2\/posts\/1175","targetHints":{"allow":["GET"]}}],"collection":[{"href":"https:\/\/sp7oswiecim.edu.pl\/index.php?rest_route=\/wp\/v2\/posts"}],"about":[{"href":"https:\/\/sp7oswiecim.edu.pl\/index.php?rest_route=\/wp\/v2\/types\/post"}],"author":[{"embeddable":true,"href":"https:\/\/sp7oswiecim.edu.pl\/index.php?rest_route=\/wp\/v2\/users\/2"}],"replies":[{"embeddable":true,"href":"https:\/\/sp7oswiecim.edu.pl\/index.php?rest_route=%2Fwp%2Fv2%2Fcomments&post=1175"}],"version-history":[{"count":0,"href":"https:\/\/sp7oswiecim.edu.pl\/index.php?rest_route=\/wp\/v2\/posts\/1175\/revisions"}],"wp:featuredmedia":[{"embeddable":true,"href":"https:\/\/sp7oswiecim.edu.pl\/index.php?rest_route=\/wp\/v2\/media\/1240"}],"wp:attachment":[{"href":"https:\/\/sp7oswiecim.edu.pl\/index.php?rest_route=%2Fwp%2Fv2%2Fmedia&parent=1175"}],"wp:term":[{"taxonomy":"category","embeddable":true,"href":"https:\/\/sp7oswiecim.edu.pl\/index.php?rest_route=%2Fwp%2Fv2%2Fcategories&post=1175"},{"taxonomy":"post_tag","embeddable":true,"href":"https:\/\/sp7oswiecim.edu.pl\/index.php?rest_route=%2Fwp%2Fv2%2Ftags&post=1175"}],"curies":[{"name":"wp","href":"https:\/\/api.w.org\/{rel}","templated":true}]}}