{"id":1163,"date":"2014-03-28T22:14:17","date_gmt":"2014-03-28T21:14:17","guid":{"rendered":"https:\/\/sp7oswiecim.edu.pl\/?p=1163"},"modified":"2014-03-28T22:14:17","modified_gmt":"2014-03-28T21:14:17","slug":"zmiana-planu-lekcji-rekolekcje","status":"publish","type":"post","link":"https:\/\/sp7oswiecim.edu.pl\/?p=1163","title":{"rendered":"Zmiana planu lekcji- REKOLEKCJE"},"content":{"rendered":"<p>W dniach 31.03- 2.04.2014r. odbywaj\u0105 si\u0119 rekolekcje wielkopostne.W zwi\u0105zku z tym zmienia si\u0119 plan lekcji.<!--more--><\/p>\n<p>Pobierz: <a href=\"https:\/\/sp7oswiecim.edu.pl\/wp-content\/uploads\/2014\/03\/plan-lekcji-REKOLEKCJE.pdf\">plan lekcji REKOLEKCJE<\/a><\/p>\n","protected":false},"excerpt":{"rendered":"<p>W dniach 31.03- 2.04.2014r. odbywaj\u0105 si\u0119 rekolekcje wielkopostne.W zwi\u0105zku z tym zmienia si\u0119 plan lekcji.<\/p>\n<p class=\"continue-reading-button\"> <a class=\"continue-reading-link\" href=\"https:\/\/sp7oswiecim.edu.pl\/?p=1163\">Czytaj dalej<i class=\"crycon-right-dir\"><\/i><\/a><\/p>\n","protected":false},"author":2,"featured_media":0,"comment_status":"closed","ping_status":"closed","sticky":false,"template":"","format":"standard","meta":{"footnotes":""},"categories":[5,1],"tags":[],"class_list":["post-1163","post","type-post","status-publish","format-standard","hentry","category-bez-kategorii","category-uncategorized"],"_links":{"self":[{"href":"https:\/\/sp7oswiecim.edu.pl\/index.php?rest_route=\/wp\/v2\/posts\/1163","targetHints":{"allow":["GET"]}}],"collection":[{"href":"https:\/\/sp7oswiecim.edu.pl\/index.php?rest_route=\/wp\/v2\/posts"}],"about":[{"href":"https:\/\/sp7oswiecim.edu.pl\/index.php?rest_route=\/wp\/v2\/types\/post"}],"author":[{"embeddable":true,"href":"https:\/\/sp7oswiecim.edu.pl\/index.php?rest_route=\/wp\/v2\/users\/2"}],"replies":[{"embeddable":true,"href":"https:\/\/sp7oswiecim.edu.pl\/index.php?rest_route=%2Fwp%2Fv2%2Fcomments&post=1163"}],"version-history":[{"count":0,"href":"https:\/\/sp7oswiecim.edu.pl\/index.php?rest_route=\/wp\/v2\/posts\/1163\/revisions"}],"wp:attachment":[{"href":"https:\/\/sp7oswiecim.edu.pl\/index.php?rest_route=%2Fwp%2Fv2%2Fmedia&parent=1163"}],"wp:term":[{"taxonomy":"category","embeddable":true,"href":"https:\/\/sp7oswiecim.edu.pl\/index.php?rest_route=%2Fwp%2Fv2%2Fcategories&post=1163"},{"taxonomy":"post_tag","embeddable":true,"href":"https:\/\/sp7oswiecim.edu.pl\/index.php?rest_route=%2Fwp%2Fv2%2Ftags&post=1163"}],"curies":[{"name":"wp","href":"https:\/\/api.w.org\/{rel}","templated":true}]}}