{"id":1035,"date":"2014-03-06T08:42:42","date_gmt":"2014-03-06T07:42:42","guid":{"rendered":"https:\/\/sp7oswiecim.edu.pl\/?p=1035"},"modified":"2014-03-06T08:42:42","modified_gmt":"2014-03-06T07:42:42","slug":"sukces-naszych-sportowcow-w-miejskiej-gimnazjadzie-dziewczat-i-chlopcow","status":"publish","type":"post","link":"https:\/\/sp7oswiecim.edu.pl\/?p=1035","title":{"rendered":"Sukces naszych sportowc\u00f3w w Miejskiej Gimnazjadzie Dziewcz\u0105t i Ch\u0142opc\u00f3w"},"content":{"rendered":"<p>W dniach 3.03 i 5.03.2014r. nasza szko\u0142a by\u0142a organizatorem Miejskiej Gimnazjady Dziewcz\u0105t i Ch\u0142opc\u00f3w w pi\u0142ce siatkowej. Impreza odby\u0142a si\u0119 w przyjaznej atmosferze zgodnie z zasadami fair play.<!--more--><\/p>\n<p>Mecze s\u0119dziowali:<br \/>\nmgr Micha\u0142 Bartosik<br \/>\nmgr Janusz Naglik<br \/>\nmgr Grzegorz Noga<\/p>\n<p>Protoko\u0142owa\u0142a:<br \/>\nmgr Dorota Czech<\/p>\n<p style=\"text-align: justify;\">Po zaci\u0119tej walce podopieczni p. Doroty Czech zaj\u0119li zaszczytne\u00a0 <strong>II miejsce w\u015br\u00f3d dru\u017cyn ch\u0142opc\u00f3w.<\/strong><\/p>\n<p style=\"text-align: justify;\">A oto sk\u0142ad naszej dru\u017cyny ch\u0142opc\u00f3w: Filip Niemiec, Jakub Nowak, Jonasz Stocki, Szymon Mazurkiewicz, Mateusz Janicki, Wojciech Tadeusz, Micha\u0142 Mazurkiewicz.<\/p>\n<p><a href=\"https:\/\/sp7oswiecim.edu.pl\/wp-content\/uploads\/2014\/03\/druzyna-chlopcow.jpg\"><img loading=\"lazy\" decoding=\"async\" class=\"size-medium wp-image-1036 aligncenter\" src=\"https:\/\/sp7oswiecim.edu.pl\/wp-content\/uploads\/2014\/03\/druzyna-chlopcow-300x225.jpg\" alt=\"druzyna chlopcow\" width=\"300\" height=\"225\" srcset=\"https:\/\/sp7oswiecim.edu.pl\/wp-content\/uploads\/2014\/03\/druzyna-chlopcow-300x225.jpg 300w, https:\/\/sp7oswiecim.edu.pl\/wp-content\/uploads\/2014\/03\/druzyna-chlopcow-768x576.jpg 768w, https:\/\/sp7oswiecim.edu.pl\/wp-content\/uploads\/2014\/03\/druzyna-chlopcow.jpg 960w\" sizes=\"auto, (max-width: 300px) 100vw, 300px\" \/><\/a><\/p>\n<p style=\"text-align: justify;\">R\u00f3wnie dobrze zaprezentowa\u0142a si\u0119 dru\u017cyna dziewcz\u0105t zajmuj\u0105c w ko\u0144cowej klasyfikacji <strong>III miejsce<\/strong>.<\/p>\n<p style=\"text-align: justify;\">A oto sk\u0142ad dru\u017cyny dziewcz\u0105t: Weronika Maiczek, Natalia Irzyk, Paulina Piwowarczyk, Edyta Walerowicz, Angelika Stanek.<\/p>\n<p><a href=\"https:\/\/sp7oswiecim.edu.pl\/wp-content\/uploads\/2014\/03\/druzyna-dziewczat.jpg\"><img loading=\"lazy\" decoding=\"async\" class=\"size-medium wp-image-1037 aligncenter\" src=\"https:\/\/sp7oswiecim.edu.pl\/wp-content\/uploads\/2014\/03\/druzyna-dziewczat-300x225.jpg\" alt=\"druzyna dziewczat\" width=\"300\" height=\"225\" srcset=\"https:\/\/sp7oswiecim.edu.pl\/wp-content\/uploads\/2014\/03\/druzyna-dziewczat-300x225.jpg 300w, https:\/\/sp7oswiecim.edu.pl\/wp-content\/uploads\/2014\/03\/druzyna-dziewczat-768x576.jpg 768w, https:\/\/sp7oswiecim.edu.pl\/wp-content\/uploads\/2014\/03\/druzyna-dziewczat.jpg 960w\" sizes=\"auto, (max-width: 300px) 100vw, 300px\" \/><\/a><\/p>\n<p style=\"text-align: center;\"><strong>\u017byczymy dalszych sukces\u00f3w na szkolnych arenach sportowych! \ud83d\ude42<\/strong><\/p>\n","protected":false},"excerpt":{"rendered":"<p>W dniach 3.03 i 5.03.2014r. nasza szko\u0142a by\u0142a organizatorem Miejskiej Gimnazjady Dziewcz\u0105t i Ch\u0142opc\u00f3w w pi\u0142ce siatkowej. Impreza odby\u0142a si\u0119 w przyjaznej atmosferze zgodnie z zasadami fair play.<\/p>\n<p class=\"continue-reading-button\"> <a class=\"continue-reading-link\" href=\"https:\/\/sp7oswiecim.edu.pl\/?p=1035\">Czytaj dalej<i class=\"crycon-right-dir\"><\/i><\/a><\/p>\n","protected":false},"author":2,"featured_media":1036,"comment_status":"closed","ping_status":"closed","sticky":false,"template":"","format":"standard","meta":{"footnotes":""},"categories":[4,18,1],"tags":[],"class_list":["post-1035","post","type-post","status-publish","format-standard","has-post-thumbnail","hentry","category-aktualnosci","category-sport-w-szkole","category-uncategorized"],"_links":{"self":[{"href":"https:\/\/sp7oswiecim.edu.pl\/index.php?rest_route=\/wp\/v2\/posts\/1035","targetHints":{"allow":["GET"]}}],"collection":[{"href":"https:\/\/sp7oswiecim.edu.pl\/index.php?rest_route=\/wp\/v2\/posts"}],"about":[{"href":"https:\/\/sp7oswiecim.edu.pl\/index.php?rest_route=\/wp\/v2\/types\/post"}],"author":[{"embeddable":true,"href":"https:\/\/sp7oswiecim.edu.pl\/index.php?rest_route=\/wp\/v2\/users\/2"}],"replies":[{"embeddable":true,"href":"https:\/\/sp7oswiecim.edu.pl\/index.php?rest_route=%2Fwp%2Fv2%2Fcomments&post=1035"}],"version-history":[{"count":0,"href":"https:\/\/sp7oswiecim.edu.pl\/index.php?rest_route=\/wp\/v2\/posts\/1035\/revisions"}],"wp:featuredmedia":[{"embeddable":true,"href":"https:\/\/sp7oswiecim.edu.pl\/index.php?rest_route=\/wp\/v2\/media\/1036"}],"wp:attachment":[{"href":"https:\/\/sp7oswiecim.edu.pl\/index.php?rest_route=%2Fwp%2Fv2%2Fmedia&parent=1035"}],"wp:term":[{"taxonomy":"category","embeddable":true,"href":"https:\/\/sp7oswiecim.edu.pl\/index.php?rest_route=%2Fwp%2Fv2%2Fcategories&post=1035"},{"taxonomy":"post_tag","embeddable":true,"href":"https:\/\/sp7oswiecim.edu.pl\/index.php?rest_route=%2Fwp%2Fv2%2Ftags&post=1035"}],"curies":[{"name":"wp","href":"https:\/\/api.w.org\/{rel}","templated":true}]}}