{"id":1019,"date":"2014-03-05T22:48:27","date_gmt":"2014-03-05T21:48:27","guid":{"rendered":"https:\/\/sp7oswiecim.edu.pl\/?p=1019"},"modified":"2014-03-05T22:48:27","modified_gmt":"2014-03-05T21:48:27","slug":"o-konkursie-recytatorskim-w-mg-4","status":"publish","type":"post","link":"https:\/\/sp7oswiecim.edu.pl\/?p=1019","title":{"rendered":"O konkursie recytatorskim w MG- 4"},"content":{"rendered":"<p style=\"text-align: center;\"><strong>,,Bo wi\u0119cej wa\u017cy jedna dobra strofa <\/strong><\/p>\n<p style=\"text-align: center;\"><strong>Ni\u017c ci\u0119\u017car wielu pracowitych stronic\u2019\u2019<\/strong><\/p>\n<p style=\"text-align: center;\"><strong>-czyli o <span style=\"color: #ff00ff;\">konkursie recytatorskim<\/span> w MG\u2013 4<\/strong> <!--more--><\/p>\n\n\t\t<style type=\"text\/css\">\n\t\t\t#gallery-1 {\n\t\t\t\tmargin: auto;\n\t\t\t}\n\t\t\t#gallery-1 .gallery-item {\n\t\t\t\tfloat: left;\n\t\t\t\tmargin-top: 10px;\n\t\t\t\ttext-align: center;\n\t\t\t\twidth: 14%;\n\t\t\t}\n\t\t\t#gallery-1 img {\n\t\t\t\tborder: 2px solid #cfcfcf;\n\t\t\t}\n\t\t\t#gallery-1 .gallery-caption {\n\t\t\t\tmargin-left: 0;\n\t\t\t}\n\t\t\t\/* see gallery_shortcode() in wp-includes\/media.php *\/\n\t\t<\/style>\n\t\t<div id='gallery-1' class='gallery galleryid-1019 gallery-columns-7 gallery-size-thumbnail'><dl class='gallery-item'>\n\t\t\t<dt class='gallery-icon portrait'>\n\t\t\t\t<a href='https:\/\/sp7oswiecim.edu.pl\/?attachment_id=1044'><img loading=\"lazy\" decoding=\"async\" width=\"150\" height=\"150\" src=\"https:\/\/sp7oswiecim.edu.pl\/wp-content\/uploads\/2014\/03\/DSCF0278-150x150.jpg\" class=\"attachment-thumbnail size-thumbnail\" alt=\"\" srcset=\"https:\/\/sp7oswiecim.edu.pl\/wp-content\/uploads\/2014\/03\/DSCF0278-150x150.jpg 150w, https:\/\/sp7oswiecim.edu.pl\/wp-content\/uploads\/2014\/03\/DSCF0278-100x100.jpg 100w\" sizes=\"auto, (max-width: 150px) 100vw, 150px\" \/><\/a>\n\t\t\t<\/dt><\/dl><dl class='gallery-item'>\n\t\t\t<dt class='gallery-icon portrait'>\n\t\t\t\t<a href='https:\/\/sp7oswiecim.edu.pl\/?attachment_id=1045'><img loading=\"lazy\" decoding=\"async\" width=\"150\" height=\"150\" src=\"https:\/\/sp7oswiecim.edu.pl\/wp-content\/uploads\/2014\/03\/DSCF0280-150x150.jpg\" class=\"attachment-thumbnail size-thumbnail\" alt=\"\" srcset=\"https:\/\/sp7oswiecim.edu.pl\/wp-content\/uploads\/2014\/03\/DSCF0280-150x150.jpg 150w, https:\/\/sp7oswiecim.edu.pl\/wp-content\/uploads\/2014\/03\/DSCF0280-100x100.jpg 100w\" sizes=\"auto, (max-width: 150px) 100vw, 150px\" \/><\/a>\n\t\t\t<\/dt><\/dl><dl class='gallery-item'>\n\t\t\t<dt class='gallery-icon landscape'>\n\t\t\t\t<a href='https:\/\/sp7oswiecim.edu.pl\/?attachment_id=1046'><img loading=\"lazy\" decoding=\"async\" width=\"150\" height=\"150\" src=\"https:\/\/sp7oswiecim.edu.pl\/wp-content\/uploads\/2014\/03\/DSCF0290-150x150.jpg\" class=\"attachment-thumbnail size-thumbnail\" alt=\"\" srcset=\"https:\/\/sp7oswiecim.edu.pl\/wp-content\/uploads\/2014\/03\/DSCF0290-150x150.jpg 150w, https:\/\/sp7oswiecim.edu.pl\/wp-content\/uploads\/2014\/03\/DSCF0290-100x100.jpg 100w\" sizes=\"auto, (max-width: 150px) 100vw, 150px\" \/><\/a>\n\t\t\t<\/dt><\/dl><dl class='gallery-item'>\n\t\t\t<dt class='gallery-icon portrait'>\n\t\t\t\t<a href='https:\/\/sp7oswiecim.edu.pl\/?attachment_id=1047'><img loading=\"lazy\" decoding=\"async\" width=\"150\" height=\"150\" src=\"https:\/\/sp7oswiecim.edu.pl\/wp-content\/uploads\/2014\/03\/DSCF0297-150x150.jpg\" class=\"attachment-thumbnail size-thumbnail\" alt=\"\" srcset=\"https:\/\/sp7oswiecim.edu.pl\/wp-content\/uploads\/2014\/03\/DSCF0297-150x150.jpg 150w, https:\/\/sp7oswiecim.edu.pl\/wp-content\/uploads\/2014\/03\/DSCF0297-100x100.jpg 100w\" sizes=\"auto, (max-width: 150px) 100vw, 150px\" \/><\/a>\n\t\t\t<\/dt><\/dl><dl class='gallery-item'>\n\t\t\t<dt class='gallery-icon landscape'>\n\t\t\t\t<a href='https:\/\/sp7oswiecim.edu.pl\/?attachment_id=1048'><img loading=\"lazy\" decoding=\"async\" width=\"150\" height=\"150\" src=\"https:\/\/sp7oswiecim.edu.pl\/wp-content\/uploads\/2014\/03\/DSCF0298-150x150.jpg\" class=\"attachment-thumbnail size-thumbnail\" alt=\"\" srcset=\"https:\/\/sp7oswiecim.edu.pl\/wp-content\/uploads\/2014\/03\/DSCF0298-150x150.jpg 150w, https:\/\/sp7oswiecim.edu.pl\/wp-content\/uploads\/2014\/03\/DSCF0298-100x100.jpg 100w\" sizes=\"auto, (max-width: 150px) 100vw, 150px\" \/><\/a>\n\t\t\t<\/dt><\/dl><dl class='gallery-item'>\n\t\t\t<dt class='gallery-icon landscape'>\n\t\t\t\t<a href='https:\/\/sp7oswiecim.edu.pl\/?attachment_id=1049'><img loading=\"lazy\" decoding=\"async\" width=\"150\" height=\"150\" src=\"https:\/\/sp7oswiecim.edu.pl\/wp-content\/uploads\/2014\/03\/DSCF0299-150x150.jpg\" class=\"attachment-thumbnail size-thumbnail\" alt=\"\" srcset=\"https:\/\/sp7oswiecim.edu.pl\/wp-content\/uploads\/2014\/03\/DSCF0299-150x150.jpg 150w, https:\/\/sp7oswiecim.edu.pl\/wp-content\/uploads\/2014\/03\/DSCF0299-100x100.jpg 100w\" sizes=\"auto, (max-width: 150px) 100vw, 150px\" \/><\/a>\n\t\t\t<\/dt><\/dl><dl class='gallery-item'>\n\t\t\t<dt class='gallery-icon portrait'>\n\t\t\t\t<a href='https:\/\/sp7oswiecim.edu.pl\/?attachment_id=1050'><img loading=\"lazy\" decoding=\"async\" width=\"150\" height=\"150\" src=\"https:\/\/sp7oswiecim.edu.pl\/wp-content\/uploads\/2014\/03\/DSCF0274-150x150.jpg\" class=\"attachment-thumbnail size-thumbnail\" alt=\"\" srcset=\"https:\/\/sp7oswiecim.edu.pl\/wp-content\/uploads\/2014\/03\/DSCF0274-150x150.jpg 150w, https:\/\/sp7oswiecim.edu.pl\/wp-content\/uploads\/2014\/03\/DSCF0274-100x100.jpg 100w\" sizes=\"auto, (max-width: 150px) 100vw, 150px\" \/><\/a>\n\t\t\t<\/dt><\/dl><br style=\"clear: both\" \/>\n\t\t<\/div>\n\n<p style=\"text-align: justify;\">27 lutego 2014r. ju\u017c po raz dziewi\u0105ty odby\u0142 si\u0119 w naszym gimnazjum Mi\u0119dzyszkolny Konkurs Recytatorski. Ze wzgl\u0119du na przypadaj\u0105c\u0105 w tym roku 10 rocznic\u0119 \u015bmierci\u00a0 Czes\u0142awa Mi\u0142osza zdecydowali\u015bmy, \u017ce w\u0142a\u015bnie wiersze tego poety zaprezentowane zostan\u0105 przez recytator\u00f3w.<\/p>\n<p style=\"text-align: justify;\">Uczniowie klasy pierwszej przygotowali dla uczestnik\u00f3w ciekaw\u0105 prezentacj\u0119 multimedialn\u0105, w kt\u00f3rej przybli\u017cyli wszystkim sylwetk\u0119 naszego noblisty. W konkursie wyst\u0105pi\u0142o 19 os\u00f3b. .Recytatorzy ,,mali i duzi\u2019\u2019 dostarczyli jury i publiczno\u015bci wielu pozytywnych wra\u017ce\u0144. Podczas przerwy uczestnicy zaproszeni zostali na s\u0142odki pocz\u0119stunek, kt\u00f3ry doda\u0142 im energii i si\u0142 do dalszych wyst\u0119p\u00f3w.<\/p>\n<p style=\"text-align: justify;\">Popisy recytatorskie zako\u0144czy\u0142y si\u0119 w tym roku zwyci\u0119stwem gimnazjalist\u00f3w: <b>Pauliny Piwowarczyk i Tomasza Janeczko. <\/b>Drugie miejsce zaj\u0119li ex aequo <b>Marta Bogda\u0144ska <\/b>z SP-5 i<b> Filip Niemiec <\/b>z MG-4. Trzecie miejsce przypad\u0142o w udziale <b>Wiktorii Kozak <\/b>z SP-5.<\/p>\n<p style=\"text-align: center;\"><strong>GRATULUJEMY!!!<\/strong><\/p>\n<p style=\"text-align: justify;\">Wszyscy uczestnicy konkursu otrzymali pami\u0105tkowe dyplomy. Dla zwyci\u0119zc\u00f3w przewidziano nagrody ksi\u0105\u017ckowe, kt\u00f3re zostan\u0105 im wr\u0119czone podczas Dnia Otwartego Szko\u0142y.<\/p>\n","protected":false},"excerpt":{"rendered":"<p>,,Bo wi\u0119cej wa\u017cy jedna dobra strofa Ni\u017c ci\u0119\u017car wielu pracowitych stronic\u2019\u2019 -czyli o konkursie recytatorskim w MG\u2013 4<\/p>\n<p class=\"continue-reading-button\"> <a class=\"continue-reading-link\" href=\"https:\/\/sp7oswiecim.edu.pl\/?p=1019\">Czytaj dalej<i class=\"crycon-right-dir\"><\/i><\/a><\/p>\n","protected":false},"author":2,"featured_media":1049,"comment_status":"closed","ping_status":"closed","sticky":false,"template":"","format":"standard","meta":{"footnotes":""},"categories":[4,1],"tags":[],"class_list":["post-1019","post","type-post","status-publish","format-standard","has-post-thumbnail","hentry","category-aktualnosci","category-uncategorized"],"_links":{"self":[{"href":"https:\/\/sp7oswiecim.edu.pl\/index.php?rest_route=\/wp\/v2\/posts\/1019","targetHints":{"allow":["GET"]}}],"collection":[{"href":"https:\/\/sp7oswiecim.edu.pl\/index.php?rest_route=\/wp\/v2\/posts"}],"about":[{"href":"https:\/\/sp7oswiecim.edu.pl\/index.php?rest_route=\/wp\/v2\/types\/post"}],"author":[{"embeddable":true,"href":"https:\/\/sp7oswiecim.edu.pl\/index.php?rest_route=\/wp\/v2\/users\/2"}],"replies":[{"embeddable":true,"href":"https:\/\/sp7oswiecim.edu.pl\/index.php?rest_route=%2Fwp%2Fv2%2Fcomments&post=1019"}],"version-history":[{"count":0,"href":"https:\/\/sp7oswiecim.edu.pl\/index.php?rest_route=\/wp\/v2\/posts\/1019\/revisions"}],"wp:featuredmedia":[{"embeddable":true,"href":"https:\/\/sp7oswiecim.edu.pl\/index.php?rest_route=\/wp\/v2\/media\/1049"}],"wp:attachment":[{"href":"https:\/\/sp7oswiecim.edu.pl\/index.php?rest_route=%2Fwp%2Fv2%2Fmedia&parent=1019"}],"wp:term":[{"taxonomy":"category","embeddable":true,"href":"https:\/\/sp7oswiecim.edu.pl\/index.php?rest_route=%2Fwp%2Fv2%2Fcategories&post=1019"},{"taxonomy":"post_tag","embeddable":true,"href":"https:\/\/sp7oswiecim.edu.pl\/index.php?rest_route=%2Fwp%2Fv2%2Ftags&post=1019"}],"curies":[{"name":"wp","href":"https:\/\/api.w.org\/{rel}","templated":true}]}}