{"id":1002,"date":"2014-03-06T08:46:35","date_gmt":"2014-03-06T07:46:35","guid":{"rendered":"https:\/\/sp7oswiecim.edu.pl\/?p=1002"},"modified":"2014-03-06T08:46:35","modified_gmt":"2014-03-06T07:46:35","slug":"polkolonia","status":"publish","type":"post","link":"https:\/\/sp7oswiecim.edu.pl\/?p=1002","title":{"rendered":"P\u00d3\u0141KOLONIA"},"content":{"rendered":"<p align=\"center\"><span style=\"color: #ff0000;\"><b>W Miejskim Gimnazjum nr 4 im. Zofii Kossak<\/b><\/span><span style=\"color: #ff0000;\"><b><a href=\"https:\/\/sp7oswiecim.edu.pl\/wp-content\/uploads\/2014\/03\/slonce.jpg\"><img loading=\"lazy\" decoding=\"async\" class=\" wp-image-1004 alignright\" alt=\"slonce\" src=\"https:\/\/sp7oswiecim.edu.pl\/wp-content\/uploads\/2014\/03\/slonce.jpg\" width=\"159\" height=\"144\" \/><\/a><\/b><\/span><span style=\"color: #ff0000;\"><b><br \/>\nw O\u015bwi\u0119cimiu<br \/>\nodb\u0119dzie si\u0119 p\u00f3\u0142kolonia dla uczni\u00f3w szk\u00f3\u0142 podstawowych<\/b><\/span><b><br \/>\n<\/b><\/p>\n<p>TERMIN:<b> 28.07-08.08.2014 r.<\/b><\/p>\n<p style=\"text-align: left;\" align=\"center\">w godzinach<b> 8:00 \u2013 16:00<!--more--><br \/>\n<\/b><\/p>\n<p style=\"text-align: justify;\"><b>Zg\u0142oszenia<\/b> przyjmowane b\u0119d\u0105 u pedagoga szkolnego- p. Danuty Mitoraj lub w sekretariacie szko\u0142y<br \/>\ndo<b> 30.05.2014 r.<\/b><\/p>\n<p><strong>Karty kwalifikacyjne<\/strong> mo\u017cna odbiera\u0107 w sekretariacie szko\u0142y lub pobra\u0107: <a href=\"https:\/\/sp7oswiecim.edu.pl\/wp-content\/uploads\/2014\/03\/karta-p\u00f3\u0142kolonia.pdf\">karta p\u00f3\u0142kolonia<\/a><\/p>\n<p><b><i>W programie:<\/i><\/b><i> wycieczki po okolicy, wyjazdy za miasto, zaj\u0119cia plastyczne i sportowe, wyj\u015bcie na basen i inne atrakcje.<\/i><\/p>\n","protected":false},"excerpt":{"rendered":"<p>W Miejskim Gimnazjum nr 4 im. Zofii Kossak w O\u015bwi\u0119cimiu odb\u0119dzie si\u0119 p\u00f3\u0142kolonia dla uczni\u00f3w szk\u00f3\u0142 podstawowych TERMIN: 28.07-08.08.2014 r. w godzinach 8:00 \u2013 16:00<\/p>\n<p class=\"continue-reading-button\"> <a class=\"continue-reading-link\" href=\"https:\/\/sp7oswiecim.edu.pl\/?p=1002\">Czytaj dalej<i class=\"crycon-right-dir\"><\/i><\/a><\/p>\n","protected":false},"author":2,"featured_media":1004,"comment_status":"closed","ping_status":"closed","sticky":false,"template":"","format":"standard","meta":{"footnotes":""},"categories":[4,1],"tags":[],"class_list":["post-1002","post","type-post","status-publish","format-standard","has-post-thumbnail","hentry","category-aktualnosci","category-uncategorized"],"_links":{"self":[{"href":"https:\/\/sp7oswiecim.edu.pl\/index.php?rest_route=\/wp\/v2\/posts\/1002","targetHints":{"allow":["GET"]}}],"collection":[{"href":"https:\/\/sp7oswiecim.edu.pl\/index.php?rest_route=\/wp\/v2\/posts"}],"about":[{"href":"https:\/\/sp7oswiecim.edu.pl\/index.php?rest_route=\/wp\/v2\/types\/post"}],"author":[{"embeddable":true,"href":"https:\/\/sp7oswiecim.edu.pl\/index.php?rest_route=\/wp\/v2\/users\/2"}],"replies":[{"embeddable":true,"href":"https:\/\/sp7oswiecim.edu.pl\/index.php?rest_route=%2Fwp%2Fv2%2Fcomments&post=1002"}],"version-history":[{"count":0,"href":"https:\/\/sp7oswiecim.edu.pl\/index.php?rest_route=\/wp\/v2\/posts\/1002\/revisions"}],"wp:featuredmedia":[{"embeddable":true,"href":"https:\/\/sp7oswiecim.edu.pl\/index.php?rest_route=\/wp\/v2\/media\/1004"}],"wp:attachment":[{"href":"https:\/\/sp7oswiecim.edu.pl\/index.php?rest_route=%2Fwp%2Fv2%2Fmedia&parent=1002"}],"wp:term":[{"taxonomy":"category","embeddable":true,"href":"https:\/\/sp7oswiecim.edu.pl\/index.php?rest_route=%2Fwp%2Fv2%2Fcategories&post=1002"},{"taxonomy":"post_tag","embeddable":true,"href":"https:\/\/sp7oswiecim.edu.pl\/index.php?rest_route=%2Fwp%2Fv2%2Ftags&post=1002"}],"curies":[{"name":"wp","href":"https:\/\/api.w.org\/{rel}","templated":true}]}}